{"id":1737,"date":"2023-09-22T14:42:38","date_gmt":"2023-09-22T12:42:38","guid":{"rendered":"https:\/\/wordpress-1249380-4478465.cloudwaysapps.com\/?p=1737"},"modified":"2023-09-22T14:42:38","modified_gmt":"2023-09-22T12:42:38","slug":"la-giornata-perfetta","status":"publish","type":"post","link":"https:\/\/www.timescampania.it\/napoli\/2023\/09\/22\/la-giornata-perfetta\/","title":{"rendered":"La giornata perfetta"},"content":{"rendered":"<p style=\"text-align: justify\">Aprile 1990, 33 anni fa.<\/p>\n<p style=\"text-align: justify\">Era il <strong>Napoli <\/strong>di <strong>Maradona <\/strong>e di <strong>Careca<\/strong>, di <strong>Albertino Bigon <\/strong>e di quella cavalcata che port\u00f2 alla conquista del secondo scudetto. In un <strong>Dall\u2019Ara <\/strong>diviso a met\u00e0 (anche se le cronache del tempo asserivano della superiorit\u00e0 azzurra), il 22 aprile del 1990 gli azzurri fecero visita ai rossobl\u00f9 con l\u2019obiettivo di allungare ancora di pi\u00f9 il divario sulla seconda e cominciare a pregustare il secondo titolo nazionale.<\/p>\n<p style=\"text-align: justify\">In realt\u00e0, il Napoli impieg\u00f2 solamente 15 minuti per chiudere la partita.<\/p>\n<p style=\"text-align: justify\">Ad aprire le marcature, al terzo minuto, ci pens\u00f2 <strong>Careca <\/strong>che di destro (potente) trafigge <strong>Cusin<\/strong>. \u00c8 solamente il preludio ad una giornata nera per il <strong>Bologna. <\/strong>Gli emiliani subiscono in rapida sequenza anche le reti del 2 e del 3 a 0: prima <strong>Maradona <\/strong>che porta a spasso l\u2019intera difesa emiliana e piazza il pallone nell\u2019angolino; dopo <strong>Francini <\/strong>in scivolata, sfruttando uno splendido tacco di Careca.<\/p>\n<p style=\"text-align: justify\">3 a 0 al primo tempo ma con le orecchie a <strong>Verona <\/strong>dove era di scena il <strong>Milan<\/strong>.<\/p>\n<p style=\"text-align: justify\">Inizia la ripresa ma il Napoli \u00e8 sempre lo stesso dei primi 45 minuti e solamente un\u2019errata presa di <strong>Giuliani <\/strong>su un calcio di punizione di <strong>Giordano<\/strong>, permette a <strong>De Marchi <\/strong>di accorciare le distanze. Gli azzurri per\u00f2 sono solidi e approfittano dello sbilanciamento felsineo: Maradona illumina per <strong>Alemao <\/strong>e il brasiliano fa 4 a 1.<\/p>\n<p style=\"text-align: justify\">Nel frattempo, si apprende la notizia che Verona \u00e8 fatale per i rossoneri e da l\u00ec pu\u00f2 iniziare la festa e il goal di <strong>Iliev <\/strong>del 2 a 4 \u00e8 solamente per sottolineare il buon momento del giocatore bulgaro in <strong>Serie A.<\/strong><\/p>\n<p style=\"text-align: justify\"><em><strong>Il primo a correre e ad abbracciare i tifosi del Napoli sugli spalti del Dall&#8217;Ara fu proprio Maradona. Un&#8217;esultanza e un grido liberatorio che ben presto divent\u00f2 il simbolo di un addio gi\u00e0 scritto.\u00a0<\/strong><\/em><\/p>\n","protected":false},"excerpt":{"rendered":"<p>Aprile 1990, 33 anni fa. Era il Napoli di Maradona e di Careca, di Albertino Bigon e di quella cavalcata che port\u00f2 alla conquista del secondo scudetto. In un Dall\u2019Ara diviso a met\u00e0 (anche se le cronache del tempo asserivano della superiorit\u00e0 azzurra), il 22 aprile del 1990 gli azzurri fecero visita ai rossobl\u00f9 con<\/p>\n","protected":false},"author":12,"featured_media":1738,"comment_status":"open","ping_status":"open","sticky":false,"template":"","format":"standard","meta":{"pmpro_default_level":"","footnotes":""},"categories":[70],"tags":[71,1372,1209,1373,74,1359],"class_list":["post-1737","post","type-post","status-publish","format-standard","has-post-thumbnail","category-amarcord","tag-amarcord","tag-bigon","tag-bologna","tag-careca","tag-maradona","tag-serie-a","pmpro-has-access"],"_links":{"self":[{"href":"https:\/\/www.timescampania.it\/napoli\/wp-json\/wp\/v2\/posts\/1737","targetHints":{"allow":["GET"]}}],"collection":[{"href":"https:\/\/www.timescampania.it\/napoli\/wp-json\/wp\/v2\/posts"}],"about":[{"href":"https:\/\/www.timescampania.it\/napoli\/wp-json\/wp\/v2\/types\/post"}],"author":[{"embeddable":true,"href":"https:\/\/www.timescampania.it\/napoli\/wp-json\/wp\/v2\/users\/12"}],"replies":[{"embeddable":true,"href":"https:\/\/www.timescampania.it\/napoli\/wp-json\/wp\/v2\/comments?post=1737"}],"version-history":[{"count":0,"href":"https:\/\/www.timescampania.it\/napoli\/wp-json\/wp\/v2\/posts\/1737\/revisions"}],"wp:featuredmedia":[{"embeddable":true,"href":"https:\/\/www.timescampania.it\/napoli\/wp-json\/wp\/v2\/media\/1738"}],"wp:attachment":[{"href":"https:\/\/www.timescampania.it\/napoli\/wp-json\/wp\/v2\/media?parent=1737"}],"wp:term":[{"taxonomy":"category","embeddable":true,"href":"https:\/\/www.timescampania.it\/napoli\/wp-json\/wp\/v2\/categories?post=1737"},{"taxonomy":"post_tag","embeddable":true,"href":"https:\/\/www.timescampania.it\/napoli\/wp-json\/wp\/v2\/tags?post=1737"}],"curies":[{"name":"wp","href":"https:\/\/api.w.org\/{rel}","templated":true}]}}