{"id":1754,"date":"2023-09-25T13:48:53","date_gmt":"2023-09-25T11:48:53","guid":{"rendered":"https:\/\/wordpress-1249380-4478465.cloudwaysapps.com\/?p=1754"},"modified":"2023-09-25T13:48:53","modified_gmt":"2023-09-25T11:48:53","slug":"sofferenza-e-rinascita-il-napoli-che-stringeva-i-denti-fino-alla-fine","status":"publish","type":"post","link":"https:\/\/www.timescampania.it\/napoli\/2023\/09\/25\/sofferenza-e-rinascita-il-napoli-che-stringeva-i-denti-fino-alla-fine\/","title":{"rendered":"Sofferenza e rinascita: il Napoli che stringeva i denti fino alla fine"},"content":{"rendered":"<p>Il Napoli di <strong>Garcia,<\/strong> di ritorno con un solo punto da <strong>Bologna<\/strong> nonostante una buona prestazione nel complesso, si prepara ad accogliere <strong>l&#8217;Udinese<\/strong> al Maradona. Le sfide con i friulani raccontano sempre storie particolari: della storia recente vivide nella memoria sono la sconfitta per <strong>3-1<\/strong>, quella dell&#8217;espulsione di <strong>Higuain<\/strong> e una corsa scudetto compromessa, e senza dubbio la vittoria del maggio scorso che riport\u00f2 a Napoli <strong>il tricolore.<\/strong> Ma guai a dimenticare anche le sfide di cruciale importanza giocate tra le mura amiche contro i bianconeri. Ecco quanto successe, per esempio, il <strong>15 aprile 2017<\/strong> tra Napoli e Udinese.<\/p>\n<p>&nbsp;<\/p>\n<p><strong>Sofferenza e rinascita: il Napoli di Sarri che vinse per 3-0 contro l&#8217;Udinese aggrappandosi al secondo posto.<\/strong><\/p>\n<p>Annata <strong>2016\/2017.<\/strong> Sulla panchina del Napoli siede <strong>Maurizio Sarri.<\/strong> In attacco <strong>Mertens, Insigne<\/strong> e <strong>Callejon<\/strong> si divertono sfruttando l&#8217;inventiva di <strong>Hamsik,<\/strong> la precisione di <strong>Jorginho<\/strong> e la grinta di <strong>Allan.<\/strong> Era il Napoli che studiava per imparare quello che sar\u00e0 definito &#8220;il calcio pi\u00f9 bello d&#8217;Europa&#8221;. Dall&#8217;altra parte, l&#8217;Udinese di <strong>Delneri,<\/strong> di <strong>De Paul, Danilo<\/strong> e <strong>Th\u00e9r\u00e9au.<\/strong> A poche giornate dalla fine il Napoli competeva per il secondo posto in classifica, sinonimo all&#8217;epoca di un pass diretto per la Champions. La contendente principale? La <strong>Roma<\/strong> di <strong>Luciano Spalletti,<\/strong> che alla fine conquister\u00e0 la seconda posizione e costringer\u00e0 il Napoli a un amaro terzo posto. Il Napoli vincer\u00e0 gli spareggi con il <strong>Nizza<\/strong> ad Agosto, ma sar\u00e0 un&#8217; annata europea da dimenticare: solo 6 punti nel girone, con il Man. City e lo Shakhtar Donetsk che superarono il turno facilmente.<\/p>\n<p>La partita del 15 aprile 2017 rispett\u00f2 uno dei copioni a cui il Napoli di Sarri aveva abituato la tifoseria: primo tempo sofferto, trascorso tra un possesso di palla inconcludente e qualche raro lampo offensivo, e un secondo tempo dominato, grazie alle illuminanti direttive proposte da Sarri all&#8217;intervallo.<\/p>\n<p>Il primo tempo, infatti, sembra non finire mai: il Napoli palleggia in modo sterile contro un Udinese che pare insuperabile. <strong>Delneri<\/strong> aveva ideato l&#8217;antidoto perfetto contro la manovra avvolgente degli azzurri: a tratti i bianconeri si chiudevano in un 4-5-1 serrato, con gli attaccanti in pressing sul portatore di palla. <strong>Sarri<\/strong> osserva e appunta tutto sui suoi immancabili foglietti di carta. Alla ripresa la reazione \u00e8 immediata: <strong>Mertens<\/strong> al 47&#8242; sfrutta una verticalizzazione di <strong>Jorginho<\/strong> e insacca in rete con il destro. Per lui si trattava del <strong>ventunesimo centro stagionale<\/strong>. Delneri, allora, decide di sbilanciarsi proponendo qualche cambio che prediligesse la fase d&#8217;attacco. La mossa \u00e8 azzardata, ma non troppo: poco dopo <strong>Duvan Zapata<\/strong> perso da <strong>Koulibaly<\/strong> colpisce di testa e viene fermato solo dal palo. L&#8217;Udinese, per\u00f2, \u00e8 una coperta corta e diventa troppo vulnerabile in difesa. Il Napoli ha pi\u00f9 spazio per le sue ripartenze. Cos\u00ec <strong>Allan<\/strong>, ex del match, ruba palla sulla trequarti e segna, ma senza esultare. Il punto esclamativo \u00e8 messo da <strong>Callejon:<\/strong> l&#8217;ala spagnola sfrutta al volo il pallone respinto da Karnezis, dopo un tacco di Insigne, e mette fine al match.<\/p>\n<p>Quello dell&#8217;aprile del 2017 era un Napoli sereno e dal gioco spumeggiante, ingredienti che al Napoli del 2023 sembrano mancare. La sfida con l&#8217;Udinese alle porte \u00e8 l&#8217;occasione giusta per riportare in casa un po&#8217; di serenit\u00e0 e di speranza. Quella vittoria di qualche anno fa permise al Napoli di sognare un posto diretto in Champions League, desiderio che appartiene anche al Napoli del 2023.<\/p>\n","protected":false},"excerpt":{"rendered":"<p>Il Napoli di Garcia, di ritorno con un solo punto da Bologna nonostante una buona prestazione nel complesso, si prepara ad accogliere l&#8217;Udinese al Maradona. Le sfide con i friulani raccontano sempre storie particolari: della storia recente vivide nella memoria sono la sconfitta per 3-1, quella dell&#8217;espulsione di Higuain e una corsa scudetto compromessa, e<\/p>\n","protected":false},"author":11,"featured_media":0,"comment_status":"open","ping_status":"open","sticky":false,"template":"","format":"standard","meta":{"pmpro_default_level":"","footnotes":""},"categories":[70],"tags":[71,66],"class_list":["post-1754","post","type-post","status-publish","format-standard","category-amarcord","tag-amarcord","tag-napoli","pmpro-has-access"],"_links":{"self":[{"href":"https:\/\/www.timescampania.it\/napoli\/wp-json\/wp\/v2\/posts\/1754","targetHints":{"allow":["GET"]}}],"collection":[{"href":"https:\/\/www.timescampania.it\/napoli\/wp-json\/wp\/v2\/posts"}],"about":[{"href":"https:\/\/www.timescampania.it\/napoli\/wp-json\/wp\/v2\/types\/post"}],"author":[{"embeddable":true,"href":"https:\/\/www.timescampania.it\/napoli\/wp-json\/wp\/v2\/users\/11"}],"replies":[{"embeddable":true,"href":"https:\/\/www.timescampania.it\/napoli\/wp-json\/wp\/v2\/comments?post=1754"}],"version-history":[{"count":0,"href":"https:\/\/www.timescampania.it\/napoli\/wp-json\/wp\/v2\/posts\/1754\/revisions"}],"wp:attachment":[{"href":"https:\/\/www.timescampania.it\/napoli\/wp-json\/wp\/v2\/media?parent=1754"}],"wp:term":[{"taxonomy":"category","embeddable":true,"href":"https:\/\/www.timescampania.it\/napoli\/wp-json\/wp\/v2\/categories?post=1754"},{"taxonomy":"post_tag","embeddable":true,"href":"https:\/\/www.timescampania.it\/napoli\/wp-json\/wp\/v2\/tags?post=1754"}],"curies":[{"name":"wp","href":"https:\/\/api.w.org\/{rel}","templated":true}]}}