{"id":2499,"date":"2024-10-02T13:33:36","date_gmt":"2024-10-02T11:33:36","guid":{"rendered":"https:\/\/corrieredelmattino.com\/?p=2499"},"modified":"2024-10-02T13:33:36","modified_gmt":"2024-10-02T11:33:36","slug":"salerno-sparatoria-al-mercato-del-pesce-due-morti-e-un-arresto","status":"publish","type":"post","link":"https:\/\/www.timescampania.it\/napoli\/2024\/10\/02\/salerno-sparatoria-al-mercato-del-pesce-due-morti-e-un-arresto\/","title":{"rendered":"Salerno, sparatoria al mercato del pesce: due morti e un arresto"},"content":{"rendered":"<p>Un drammatico episodio di violenza ha scosso la citt\u00e0 di <strong>Salerno<\/strong> questa mattina all&#8217;alba, quando una <strong>lite tra conoscenti<\/strong> si \u00e8 trasformata in una tragedia. Un <strong>72enne<\/strong>, titolare di un&#8217;attivit\u00e0 commerciale presso il <strong>mercato del pesce<\/strong>, ha <strong>aperto il fuoco contro due uomini<\/strong>, rispettivamente di 58 e 48 anni, dopo una discussione che avrebbe avuto radici in vecchi dissapori personali.<\/p>\n<p>Uno dei due uomini \u00e8 <strong>morto sul colpo<\/strong>, mentre l&#8217;altro \u00e8 stato immediatamente <strong>soccorso<\/strong> e trasportato in ospedale, dove \u00e8 deceduto poco dopo a causa delle gravi ferite riportate. Dopo aver commesso il duplice omicidio, l&#8217;anziano si \u00e8 recato alla stazione dei Carabinieri di Mercatello, dove ha consegnato l&#8217;arma e si \u00e8 costituito.<\/p>\n<p>Le forze dell&#8217;ordine, tra cui Polizia e Carabinieri, sono attualmente impegnate nelle indagini, coordinate dalla Procura di Salerno, per ricostruire nei dettagli la dinamica dell&#8217;accaduto. In base alle prime informazioni raccolte, sembrerebbe che il tragico episodio non sia riconducibile ad attivit\u00e0 di criminalit\u00e0 organizzata, ma piuttosto a dissapori personali tra i protagonisti.<\/p>\n<p>Sul luogo del delitto \u00e8 intervenuto anche il sindaco di Salerno, Vincenzo Napoli, che ha espresso il suo sconcerto per quanto accaduto, definendo l\u2019evento come &#8220;un fatto gravissimo e doloroso&#8221;. Napoli ha ribadito che, sebbene le indagini siano ancora in corso, gli elementi preliminari suggeriscono che si tratti di un conflitto privato, piuttosto che di un crimine di matrice organizzata.<\/p>\n","protected":false},"excerpt":{"rendered":"<p>Un drammatico episodio di violenza ha scosso la citt\u00e0 di Salerno questa mattina all&#8217;alba, quando una lite tra conoscenti si \u00e8 trasformata in una tragedia. Un 72enne, titolare di un&#8217;attivit\u00e0 commerciale presso il mercato del pesce, ha aperto il fuoco contro due uomini, rispettivamente di 58 e 48 anni, dopo una discussione che avrebbe avuto<\/p>\n","protected":false},"author":16,"featured_media":2500,"comment_status":"open","ping_status":"open","sticky":false,"template":"","format":"standard","meta":{"pmpro_default_level":"","footnotes":""},"categories":[64],"tags":[779,780,381],"class_list":["post-2499","post","type-post","status-publish","format-standard","has-post-thumbnail","category-cronaca-nazionale","tag-lite","tag-salerno","tag-sparatoria","pmpro-has-access"],"_links":{"self":[{"href":"https:\/\/www.timescampania.it\/napoli\/wp-json\/wp\/v2\/posts\/2499","targetHints":{"allow":["GET"]}}],"collection":[{"href":"https:\/\/www.timescampania.it\/napoli\/wp-json\/wp\/v2\/posts"}],"about":[{"href":"https:\/\/www.timescampania.it\/napoli\/wp-json\/wp\/v2\/types\/post"}],"author":[{"embeddable":true,"href":"https:\/\/www.timescampania.it\/napoli\/wp-json\/wp\/v2\/users\/16"}],"replies":[{"embeddable":true,"href":"https:\/\/www.timescampania.it\/napoli\/wp-json\/wp\/v2\/comments?post=2499"}],"version-history":[{"count":0,"href":"https:\/\/www.timescampania.it\/napoli\/wp-json\/wp\/v2\/posts\/2499\/revisions"}],"wp:featuredmedia":[{"embeddable":true,"href":"https:\/\/www.timescampania.it\/napoli\/wp-json\/wp\/v2\/media\/2500"}],"wp:attachment":[{"href":"https:\/\/www.timescampania.it\/napoli\/wp-json\/wp\/v2\/media?parent=2499"}],"wp:term":[{"taxonomy":"category","embeddable":true,"href":"https:\/\/www.timescampania.it\/napoli\/wp-json\/wp\/v2\/categories?post=2499"},{"taxonomy":"post_tag","embeddable":true,"href":"https:\/\/www.timescampania.it\/napoli\/wp-json\/wp\/v2\/tags?post=2499"}],"curies":[{"name":"wp","href":"https:\/\/api.w.org\/{rel}","templated":true}]}}