{"id":3252,"date":"2024-10-24T13:54:47","date_gmt":"2024-10-24T11:54:47","guid":{"rendered":"https:\/\/corrieredelmattino.com\/?p=2752"},"modified":"2024-10-24T13:54:47","modified_gmt":"2024-10-24T11:54:47","slug":"napoli-quindicenne-ucciso-a-colpi-di-pistola-si-indaga-sulla-faida-tra-baby-gang","status":"publish","type":"post","link":"https:\/\/www.timescampania.it\/napoli\/2024\/10\/24\/napoli-quindicenne-ucciso-a-colpi-di-pistola-si-indaga-sulla-faida-tra-baby-gang\/","title":{"rendered":"Napoli: quindicenne ucciso a colpi di pistola, si indaga sulla faida tra baby gang"},"content":{"rendered":"<p>Una nuova tragedia colpisce <strong>Napol<\/strong>i: <strong>Emanuele Tufano<\/strong>, un ragazzo di appena <strong>15 anni<\/strong>, \u00e8 stato <strong>ucciso <\/strong>la scorsa notte nel centro della citt\u00e0, in <strong>Corso Umberto I<\/strong>. Il giovane \u00e8 stato colpito a morte da alcuni <strong>proiettili<\/strong>, mentre altri due ragazzi minorenni sono rimasti <strong>feriti<\/strong>, uno da colpi d\u2019arma da fuoco e l&#8217;altro da ferite da taglio. La dinamica dell&#8217;evento \u00e8 ancora poco chiara, ma le indagini della Squadra Mobile stanno cercando di comprendere se il crimine sia il risultato di una lite tra giovanissimi o un regolamento di conti legato alla malavita.<\/p>\n<p>Il quindicenne, incensurato e originario del quartiere Sanit\u00e0, \u00e8 stato soccorso d&#8217;urgenza ma non ce l&#8217;ha fatta. Gli inquirenti stanno anche esaminando le telecamere di videosorveglianza nella zona, mentre la Procura dei Minori segue da vicino l\u2019evolversi del caso.<\/p>\n<p>La tragedia ha scatenato forti reazioni nella comunit\u00e0, con il sindaco di Napoli, <strong>Gaetano Manfredi<\/strong>, che ha espresso sgomento: \u201cNon \u00e8 possibile che questi eventi vedano protagonisti ragazzi di 14-15 anni. Il fenomeno delle baby gang \u00e8 una piaga sociale che richiede interventi drastici\u201d.<\/p>\n<p>Nel frattempo, l\u2019associazione \u201cLibera contro le Mafie\u201d \u00a0ha lanciato un appello a tutta la societ\u00e0 civile, chiedendo una mobilitazione per disarmare Napoli e fermare la spirale di violenza che continua a mietere vittime tra i giovani. Anche le famiglie delle vittime e i cittadini chiedono giustizia e maggiore sicurezza nelle strade.<\/p>\n","protected":false},"excerpt":{"rendered":"<p>Una nuova tragedia colpisce Napoli: Emanuele Tufano, un ragazzo di appena 15 anni, \u00e8 stato ucciso la scorsa notte nel centro della citt\u00e0, in Corso Umberto I. Il giovane \u00e8 stato colpito a morte da alcuni proiettili, mentre altri due ragazzi minorenni sono rimasti feriti, uno da colpi d\u2019arma da fuoco e l&#8217;altro da ferite<\/p>\n","protected":false},"author":16,"featured_media":3387,"comment_status":"open","ping_status":"open","sticky":false,"template":"","format":"standard","meta":{"pmpro_default_level":"","footnotes":""},"categories":[63],"tags":[846,66,381],"class_list":["post-3252","post","type-post","status-publish","format-standard","has-post-thumbnail","category-attualita","tag-baby-gang","tag-napoli","tag-sparatoria","pmpro-has-access"],"_links":{"self":[{"href":"https:\/\/www.timescampania.it\/napoli\/wp-json\/wp\/v2\/posts\/3252","targetHints":{"allow":["GET"]}}],"collection":[{"href":"https:\/\/www.timescampania.it\/napoli\/wp-json\/wp\/v2\/posts"}],"about":[{"href":"https:\/\/www.timescampania.it\/napoli\/wp-json\/wp\/v2\/types\/post"}],"author":[{"embeddable":true,"href":"https:\/\/www.timescampania.it\/napoli\/wp-json\/wp\/v2\/users\/16"}],"replies":[{"embeddable":true,"href":"https:\/\/www.timescampania.it\/napoli\/wp-json\/wp\/v2\/comments?post=3252"}],"version-history":[{"count":0,"href":"https:\/\/www.timescampania.it\/napoli\/wp-json\/wp\/v2\/posts\/3252\/revisions"}],"wp:featuredmedia":[{"embeddable":true,"href":"https:\/\/www.timescampania.it\/napoli\/wp-json\/wp\/v2\/media\/3387"}],"wp:attachment":[{"href":"https:\/\/www.timescampania.it\/napoli\/wp-json\/wp\/v2\/media?parent=3252"}],"wp:term":[{"taxonomy":"category","embeddable":true,"href":"https:\/\/www.timescampania.it\/napoli\/wp-json\/wp\/v2\/categories?post=3252"},{"taxonomy":"post_tag","embeddable":true,"href":"https:\/\/www.timescampania.it\/napoli\/wp-json\/wp\/v2\/tags?post=3252"}],"curies":[{"name":"wp","href":"https:\/\/api.w.org\/{rel}","templated":true}]}}