{"id":3261,"date":"2025-01-07T08:46:39","date_gmt":"2025-01-07T07:46:39","guid":{"rendered":"https:\/\/corrieredelmattino.com\/?p=3238"},"modified":"2025-01-07T08:46:39","modified_gmt":"2025-01-07T07:46:39","slug":"mafia-foggiana-arrestato-olinto-bonalumi-latitante-tra-i-piu-pericolosi-per-furto-e-rapina","status":"publish","type":"post","link":"https:\/\/www.timescampania.it\/napoli\/2025\/01\/07\/mafia-foggiana-arrestato-olinto-bonalumi-latitante-tra-i-piu-pericolosi-per-furto-e-rapina\/","title":{"rendered":"Mafia foggiana, arrestato Olinto Bonalumi: latitante tra i pi\u00f9 pericolosi per furto e rapina"},"content":{"rendered":"<p style=\"text-align: justify\">La polizia di Stato, nel tardo pomeriggio di ieri a Roma, a conclusione di articolate indagini coordinate dalla Procura distrettuale di Bari ha arrestato <strong>Olinto Bonalumi<\/strong>, 65 anni e dal 2022 inserito nell\u2019elenco dei latitanti pericolosi del ministero dell\u2019Interno: su di lui pendeva un ordine di carcerazione emesso dalla Procura Generale presso la Corte di Appello di Ancona. Bonalumi deve scontare una pena di 13 anni, 4 mesi e 11 giorni di reclusione per i reati di concussione, accesso abusivo a sistemi informatici, intercettazione fraudolenta di conversazioni,<strong> furto e rapina<\/strong>. Latitante dal 2021, \u00e8 stato protagonista in passato di gravi reati contro il patrimonio tra cui diversi <strong>furti presso caveau di Istituti di vigilanza<\/strong>. Bonalumi risulta anche collegato alle organizzazioni mafiose foggiane della cosiddetta \u2018Societ\u00e0 foggiana\u2019. Il latitante \u00e8 stato individuato e bloccato a Roma in viale Europa (zona Eur) dagli uomini della Sisco di Bari e della Squadra Mobile di Foggia, con il supporto operativo dello Sco e della Sisco della Squadra Mobile di Roma. Le sue ricerche nella capitale si erano concentrate nei giorni scorsi.<\/p>\n<p style=\"text-align: justify\">Il ministro dell\u2019Interno, Matteo Piantedosi, ha espresso al capo della Polizia Vittorio Pisani il suo compiacimento per la cattura del latitante. \u201c<em>I risultati ottenuti dimostrano l\u2019efficacia del lavoro e dell\u2019impegno paziente ed incessante di chi opera per garantire la sicurezza del nostro Paese. \u00c8 un segnale forte e chiaro: lo Stato \u00e8 presente dovunque ci sia da combattere criminalit\u00e0 ed illegalit\u00e0<\/em>\u201d, ha dichiarato Piantedosi. \u201c<em>A tutte le donne e gli uomini delle forze dell\u2019ordine va il mio ringraziamento per la professionalit\u00e0 e il senso del dovere dimostrati<\/em>\u201d, ha concluso il ministro. \u201c<em>L\u2019uomo, latitante dal 2021, \u00e8 stato protagonista in passato<\/em> \u2013 fa sapere la Polizia di Stato in una nota \u2013 <em>di gravi reati contro il patrimonio tra cui diversi furti presso caveau di Istituti di vigilanza. Bonalumi risulta anche collegato alle organizzazioni mafiose foggiane della cosiddetta \u2018<strong>Societ\u00e0 foggiana\u2019<\/strong><\/em>\u201d.<\/p>\n","protected":false},"excerpt":{"rendered":"<p>La polizia di Stato, nel tardo pomeriggio di ieri a Roma, a conclusione di articolate indagini coordinate dalla Procura distrettuale di Bari ha arrestato Olinto Bonalumi, 65 anni e dal 2022 inserito nell\u2019elenco dei latitanti pericolosi del ministero dell\u2019Interno: su di lui pendeva un ordine di carcerazione emesso dalla Procura Generale presso la Corte di<\/p>\n","protected":false},"author":14,"featured_media":3394,"comment_status":"open","ping_status":"open","sticky":false,"template":"","format":"standard","meta":{"pmpro_default_level":"","footnotes":""},"categories":[64],"tags":[318,319,320,321,246,247,322],"class_list":["post-3261","post","type-post","status-publish","format-standard","has-post-thumbnail","category-cronaca-nazionale","tag-camorra","tag-furto","tag-mafia","tag-olinto-bonalumi","tag-polizia","tag-rapina","tag-societa-foggiana","pmpro-has-access"],"_links":{"self":[{"href":"https:\/\/www.timescampania.it\/napoli\/wp-json\/wp\/v2\/posts\/3261","targetHints":{"allow":["GET"]}}],"collection":[{"href":"https:\/\/www.timescampania.it\/napoli\/wp-json\/wp\/v2\/posts"}],"about":[{"href":"https:\/\/www.timescampania.it\/napoli\/wp-json\/wp\/v2\/types\/post"}],"author":[{"embeddable":true,"href":"https:\/\/www.timescampania.it\/napoli\/wp-json\/wp\/v2\/users\/14"}],"replies":[{"embeddable":true,"href":"https:\/\/www.timescampania.it\/napoli\/wp-json\/wp\/v2\/comments?post=3261"}],"version-history":[{"count":0,"href":"https:\/\/www.timescampania.it\/napoli\/wp-json\/wp\/v2\/posts\/3261\/revisions"}],"wp:featuredmedia":[{"embeddable":true,"href":"https:\/\/www.timescampania.it\/napoli\/wp-json\/wp\/v2\/media\/3394"}],"wp:attachment":[{"href":"https:\/\/www.timescampania.it\/napoli\/wp-json\/wp\/v2\/media?parent=3261"}],"wp:term":[{"taxonomy":"category","embeddable":true,"href":"https:\/\/www.timescampania.it\/napoli\/wp-json\/wp\/v2\/categories?post=3261"},{"taxonomy":"post_tag","embeddable":true,"href":"https:\/\/www.timescampania.it\/napoli\/wp-json\/wp\/v2\/tags?post=3261"}],"curies":[{"name":"wp","href":"https:\/\/api.w.org\/{rel}","templated":true}]}}