{"id":3642,"date":"2024-11-02T18:07:26","date_gmt":"2024-11-02T17:07:26","guid":{"rendered":"https:\/\/corrieredelmattino.com\/?p=2814"},"modified":"2024-11-02T18:07:26","modified_gmt":"2024-11-02T17:07:26","slug":"pulcinella-in-piazza-municipio-sarebbe-plagio-di-unopera-dello-stilista-molaro","status":"publish","type":"post","link":"https:\/\/www.timescampania.it\/napoli\/2024\/11\/02\/pulcinella-in-piazza-municipio-sarebbe-plagio-di-unopera-dello-stilista-molaro\/","title":{"rendered":"Pulcinella in piazza Municipio: sarebbe plagio di un\u2019opera dello stilista Molaro"},"content":{"rendered":"<p style=\"text-align: justify\">Non si placano le polemiche sul Pulcinella in piazza Municipio, che, oltre alle critiche per la somiglianza a un fallo, \u00e8 coinvolto anche da un\u2019accusa di presunto plagio. A lanciare l&#8217;accusa \u00e8 lo stilista, designer e scultore <strong>Gianni Molaro<\/strong>, che, assistito dall\u2019avvocato <strong>Sergio D\u2019Avino<\/strong>, ha sporto denuncia contro ignoti. Molaro accusa che: \u00ab<em>quel Pulcinella richiama una mia opera degli anni Novanta. Nessuna polemica, ma \u00e8 giusto chiarire<\/em>\u00bb. L\u2019opera da cui avrebbe preso spunto l\u2019installazione in Piazza Plebiscito sarebbe stata pubblicata nello stesso numero di una celebre rivista di architettura \u2013 numero 317 dell\u2019Ottobre 2007 della rivista \u201c<strong>AD<\/strong>\u201d, come precisa Molaro \u2013 nel quale sarebbe stata presente anche un\u2019opera di <strong>Gaetano Pesce<\/strong>. L\u2019opera, \u201cideata\u201d dal maestro Pesce nel corso dei suoi ultimi anni di vita e richiamante una sua precedente realizzazione (<strong>lampada di Pulcinella<\/strong>) di poco antecedente, secondo Molaro, richiamerebbe \u00ab<em>seppur rivisitata in quanto a materiali e colori, un\u2019opera da me realizzata intorno alla met\u00e0 degli anni Novanta e gi\u00e0 edita su alcune delle pi\u00f9 importanti riviste di interior design a livello nazionale<\/em>\u00bb. \u00ab<em>Si tratta di due cilindri terminanti con un collo di camicia. Nel caso specifico l\u2019opera, progettata per adeguarsi, con varie varianti, ai diversi contesti, aveva i cilindri addobbati con cravatta e fungeva da base per la collocazione di due ulteriori sculture raffiguranti, in forma stilizzata, una testa maschile e una femminile. Appena un paio di pagine prima di quelle su riferite, veniva pubblicata un\u2019opera (vaso da arredamento) dello stesso Pesce Gaetano. Appare, pertanto, pi\u00f9 che plausibile che lo stesso abbia avuto nella sua disponibilit\u00e0 copia del numero della rivista e tratto da essa \u201cispirazione\u201d per la sua futura opera<\/em>\u00bb.<\/p>\n<p style=\"text-align: justify\">Molaro ha chiesto quindi l\u2019immediato <strong>sequestro<\/strong> e la <strong>rimozione dell\u2019opera<\/strong>: \u00ab<em>\u00c8 evidente che chi ha operato il <strong>plagio<\/strong> non c\u2019\u00e8 pi\u00f9 e non pu\u00f2 ragguagliarci in merito, ma trovo giusto e rispettoso che si sappia e si dica che l\u2019autore dell\u2019idea originale da cui \u00e8 scaturita quell\u2019opera sono io. \u00c8 evidente che nel mondo ci sono tante copie degli orologi sciolti di Dal\u00ec, ma tutti vedendole capiscono subito qual \u00e8 la fonte. Cambiare qualche dettaglio non significa aver creato un\u2019opera nuova, scaturita dal proprio ingegno e pensiero<\/em>\u00bb. In merito alla comparazione delle due opere, \u00ab<em>ai fini della configurabilit\u00e0 del reato di plagio non occorre verificare in concreto la possibilit\u00e0 di confusione tra le due<\/em> \u2013 cos\u00ec come avviene per i segni distintivi dell\u2019impresa &#8211; <em>bens\u00ec la riproduzione illecita di un\u2019opera da parte dell\u2019altra, ancorch\u00e9 camuffata in modo tale da non rendere immediatamente riconoscibile l\u2019opera originaria<\/em>\u00bb. \u00ab<em>Ci\u00f2<\/em> \u2013 secondo Molaro &#8211; <em>si verifica anche nel caso del cosiddetto \u201c<strong>plagio evolutivo<\/strong>\u201d, ovvero laddove la nuova opera, per quanto non pedissequamente imitativa o riproduttiva dell\u2019originaria, a causa del tratto sostanzialmente rielaborativo dell\u2019intervento che su di essa \u00e8 stato eseguito, si traduce, non in un\u2019opera originale e individuale ma nell\u2019abusiva, non autorizzata, rielaborazione di quest\u2019ultima compiuta, comunque, in violazione degli artt. 4 e 18 legge sul diritto d\u2019autore<\/em>\u00bb.<\/p>\n","protected":false},"excerpt":{"rendered":"<p>Non si placano le polemiche sul Pulcinella in piazza Municipio, che, oltre alle critiche per la somiglianza a un fallo, \u00e8 coinvolto anche da un\u2019accusa di presunto plagio. A lanciare l&#8217;accusa \u00e8 lo stilista, designer e scultore Gianni Molaro, che, assistito dall\u2019avvocato Sergio D\u2019Avino, ha sporto denuncia contro ignoti. Molaro accusa che: \u00abquel Pulcinella richiama<\/p>\n","protected":false},"author":14,"featured_media":4224,"comment_status":"open","ping_status":"open","sticky":false,"template":"","format":"standard","meta":{"pmpro_default_level":"","footnotes":""},"categories":[64],"tags":[434,435,436,437,438,439,440,441,442],"class_list":["post-3642","post","type-post","status-publish","format-standard","has-post-thumbnail","category-cronaca-nazionale","tag-camicia-pulcinella-lamp","tag-gaetano-pesce","tag-gianni-molaro","tag-lampada-di-pulcinella","tag-plagio","tag-plagio-evolutivo","tag-pulcinella","tag-pulcinella-di-pesce","tag-sergio-davino","pmpro-has-access"],"_links":{"self":[{"href":"https:\/\/www.timescampania.it\/napoli\/wp-json\/wp\/v2\/posts\/3642","targetHints":{"allow":["GET"]}}],"collection":[{"href":"https:\/\/www.timescampania.it\/napoli\/wp-json\/wp\/v2\/posts"}],"about":[{"href":"https:\/\/www.timescampania.it\/napoli\/wp-json\/wp\/v2\/types\/post"}],"author":[{"embeddable":true,"href":"https:\/\/www.timescampania.it\/napoli\/wp-json\/wp\/v2\/users\/14"}],"replies":[{"embeddable":true,"href":"https:\/\/www.timescampania.it\/napoli\/wp-json\/wp\/v2\/comments?post=3642"}],"version-history":[{"count":0,"href":"https:\/\/www.timescampania.it\/napoli\/wp-json\/wp\/v2\/posts\/3642\/revisions"}],"wp:featuredmedia":[{"embeddable":true,"href":"https:\/\/www.timescampania.it\/napoli\/wp-json\/wp\/v2\/media\/4224"}],"wp:attachment":[{"href":"https:\/\/www.timescampania.it\/napoli\/wp-json\/wp\/v2\/media?parent=3642"}],"wp:term":[{"taxonomy":"category","embeddable":true,"href":"https:\/\/www.timescampania.it\/napoli\/wp-json\/wp\/v2\/categories?post=3642"},{"taxonomy":"post_tag","embeddable":true,"href":"https:\/\/www.timescampania.it\/napoli\/wp-json\/wp\/v2\/tags?post=3642"}],"curies":[{"name":"wp","href":"https:\/\/api.w.org\/{rel}","templated":true}]}}