{"id":3663,"date":"2025-04-21T10:58:08","date_gmt":"2025-04-21T08:58:08","guid":{"rendered":"https:\/\/com.corrieredellacampania.it\/?p=3663"},"modified":"2025-04-21T10:58:08","modified_gmt":"2025-04-21T08:58:08","slug":"spira-francesco-il-papa-gesuita-venuto-dallaltro-mondo","status":"publish","type":"post","link":"https:\/\/www.timescampania.it\/napoli\/2025\/04\/21\/spira-francesco-il-papa-gesuita-venuto-dallaltro-mondo\/","title":{"rendered":"Spira Francesco, il papa gesuita venuto \u00abdall\u2019altro mondo\u00bb"},"content":{"rendered":"<p style=\"text-align: justify\"><strong>Jorge Mario Bergoglio<\/strong> si \u00e8 spento dopo il ricovero al Gemelli. Il Pontefice aveva 88 anni. Nato il 17 dicembre 1936 a Buenos Aires, in Argentina, \u00e8 stato il <strong>266esimo Papa<\/strong> della Chiesa cattolica. Lo ha comunicato il cardinale <strong>Kevin Farrell<\/strong>, Camerlengo di Santa Romana Chiesa: \u201c<em>Carissimi fratelli e sorelle, con profondo dolore devo annunciare la morte di nostro Santo Padre Francesco. Alle ore 7:35 di questa mattina il Vescovo di Roma, Francesco, \u00e8 tornato alla casa del Padre. La sua vita tutta intera \u00e8 stata dedicata al servizio del Signore e della Sua chiesa. Ci ha insegnato a vivere i valori del Vangelo con fedelt\u00e0, coraggio ed amore universale, in modo particolare a favore dei pi\u00f9 poveri e emarginati. Con immensa gratitudine per il suo esempio di vero discepolo del Signore Ges\u00f9, raccomandiamo l\u2019anima di Papa Francesco all\u2019infinito amore misericordioso di Dio Uno e Trino<\/em>\u201d. Durante il suo pontificato ha portato avanti diverse riforme e molti dei suoi messaggi &#8211; <strong>dal clima ai migranti<\/strong>, fino ai vaccini e alla lotta contro l\u2019aborto &#8211; sono entrati nella storia. Tra i temi della sua missione l\u2019importanza della misericordia, della giustizia sociale e della vicinanza ai poveri. Bergoglio \u00e8 stato il primo <strong>gesuita <\/strong>a diventare Papa (ordine fondato da Ignazio di Loyola nel 1534) e il primo Pontefice proveniente dal continente americano. \u00ab<em>Fratelli e sorelle, buonasera. Voi sapete che il dovere del Conclave era di dare un vescovo a Roma. Sembra che i miei fratelli cardinali sono andati a prenderlo quasi alla fine del mondo<\/em>\u00bb, disse affacciandosi per la prima volta dalla finestra di Piazza San Pietro. E le sue origini dall\u2019\u00abaltro mondo\u00bb Bergoglio le ha sempre rivendicate nel suo magistero, segnato sul piano politico soprattutto dalla predicazione in favore degli ultimi, a partire dai migranti. Pur arrivando \u00abdall\u2019altro mondo\u00bb, Bergoglio in realt\u00e0 aveva nel suo Dna anche radici europee. Italiane, come per milioni di suoi concittadini. Il padre Mario, funzionario delle ferrovie originario dell\u2019astigiano, era salpato nel 1928 da Genova alla volta dell\u2019Argentina in cerca di fortuna, mentre la famiglia della madre, Regina Maria Sivori, era ligure. Jorge Mario fu il primo di cinque figli della coppia formatasi a Buenos Aires. La scelta del nome di <strong>Francesco<\/strong>, da Pontefice, \u00e8 legata alla speranza di seguire le orme del santo di Assisi. Bergoglio \u00e8 cresciuto in una famiglia di origini italiane e ha studiato Chimica prima di entrare nel seminario.<\/p>\n<p style=\"text-align: justify\">Dopo essersi diplomato come tecnico chimico e aver svolto alcune esperienze lavorative \u2013 da addetto alle pulizie e da buttafuori \u2013, segue la vocazione spirituale ed entra nel seminario, scegliendo la strada del sacerdozio all\u2019et\u00e0 di 21 anni. L\u201911 marzo 1958 inizia il noviziato con i gesuiti della <strong>Compagnia di Ges\u00f9<\/strong>, tra l\u2019Argentina e il Cile. Ha compiuto studi umanistici in Cile e nel 1963, di ritorno a <strong>Buenos Aires<\/strong>, ha conseguito la <strong>laurea in filosofia<\/strong> presso la Facolt\u00e0 di Filosofia del collegio massimo \u00abSan Jos\u00e9\u00bb di San Miguel. Fra il 1964 e il 1965 \u00e8 stato <strong>professore di letteratura e di psicologia<\/strong> nel collegio dell\u2019Immacolata di Santa Fe e nel 1966 ha insegnato le stesse materie nel collegio del Salvatore di Buenos Aires. Dal 1967 al 1970 ha studiato teologia presso la Facolt\u00e0 di Teologia del collegio massimo \u00abSan Jos\u00e9\u00bb, di San Miguel, dove ha conseguito la <strong>laurea in teologia<\/strong>. Dopo l\u2019ordinazione a <strong>sacerdote<\/strong> il 13 dicembre <strong>1969<\/strong>, ha continuato la sua formazione con i gesuiti. Fra il 1980 e il 1986 \u00e8 stato <strong>rettore <\/strong>del collegio massimo e <strong>delle Facolt\u00e0 di filosofia e teologia<\/strong> di San Miguel e parroco della parrocchia del Patriarca San Jos\u00e9, nella Diocesi di San Miguel. Nel marzo 1986 si \u00e8 recato in Germania per ultimare la sua tesi dottorale; quindi i superiori lo hanno destinato al collegio del Salvatore, da dove \u00e8 passato alla chiesa della Compagnia di Ges\u00f9 nella citt\u00e0 di <strong>Cordoba<\/strong>, di cui nel 1986 fu nominato direttore spirituale e confessore. Il 20 maggio 1992 Giovanni Paolo II lo ha nominato <strong>vescovo<\/strong> titolare di Auca e Ausiliare di Buenos Aires. Il 27 giugno dello stesso anno ha ricevuto nella cattedrale di Buenos Aires l\u2019ordinazione episcopale dalle mani del Cardinale Antonio Quarracino, del Nunzio Apostolico Monsignor Ubaldo Calabresi e del Vescovo di Mercedes-Luja\u2019n, Monsignor Emilio Og\u00f1e\u2019novich. Il 3 giugno 1997 \u00e8 stato nominato <strong>arcivescovo<\/strong> Coadiutore <strong>di Buenos Aires<\/strong> e il 28 febbraio 1998 Arcivescovo di Buenos Aires per successione, alla morte del Cardinale Quarracino. \u00c8 autore dei libri: \u00ab<em>Meditaciones para religiosos<\/em>\u00bb del 1982, \u00ab<em>Reflexiones sobre la vida aposto\u2019lica<\/em>\u00bb del 1986 e \u00ab<em>Reflexiones de esperanza<\/em>\u00bb del 1992. \u00c8 Ordinario per i fedeli di rito orientale residenti in Argentina che non possono contare su un Ordinario del loro rito. Gran Cancelliere dell\u2019Universit\u00e0 Cattolica Argentina. Relatore Generale aggiunto alla 10\u00aa Assemblea Generale Ordinaria del Sinodo dei Vescovi (ottobre 2001). Dal novembre 2005 al novembre 2011 \u00e8 stato Presidente della Conferenza Episcopale Argentina. Da Giovanni Paolo II creato <strong>cardinale <\/strong>nel Concistoro del 21 febbraio 2001, del Titolo di San Roberto Bellarmino. Come cardinale tale entr\u00f2 a far parte negli anni seguenti di una serie di importanti dicasteri e Congregazioni della Curia romana, come il Pontificio Consiglio per la Famiglia, la Congregazione per il Clero, il Culto Divino, la Disciplina dei Sacramenti, gli Istituti di vita consacrata e le Societ\u00e0 di vita apostolica e della Pontificia Commissione per l\u2019America Latina. Considerato \u00abpapabile\u00bb gi\u00e0 dopo la morte di Giovanni Paolo II, nel 2005, otto anni pi\u00f9 tardi, dopo la clamorosa rinuncia di <strong>Joseph Ratzinger<\/strong> (<strong>Papa Benedetto XVI<\/strong>), il <strong>13<\/strong> <strong>marzo del 2013<\/strong> Jorge Mario Bergoglio partecipa al conclave nel quale, dopo cinque scrutini, viene eletto Sommo Pontefice.<\/p>\n<p style=\"text-align: justify\">Durante il suo pontificato sono stati molti i momenti di svolta. Nei Sinodi nel 2015 e del 2016 riammette ai sacramenti i <strong>divorziati risposati<\/strong> e sollecita pi\u00f9 attenzione nei confronti di <strong>unioni civili<\/strong>, <strong>coppie di fatto e omosessuali<\/strong>, per i quali chiede &#8220;<strong><em>rispetto e accoglienza<\/em><\/strong>&#8220;. L\u201911 aprile 2015 Papa Francesco, inoltre, indice ufficialmente un <strong>Giubileo straordinario<\/strong> dedicato alla misericordia, che durer\u00e0 dall\u20198 dicembre 2015 al 20 novembre 2016. Sempre nel 2016 un altro gesto storico: di ritorno dall\u2019isola greca di Lesbo, dove si era recato per solidariet\u00e0 ai rifugiati, decide di portare con s\u00e9 a Roma 12 profughi. Negli anni da Pontefice Bergoglio ha anche portato avanti numerose riforme tra cui quella della Curia, dello Ior e del codice penale vaticano. Un\u2019altra svolta \u00e8 stata sicuramente la progressiva distensione dei rapporti con la Cina. Tanti anche gli appelli per la lotta al cambiamento climatico, poi nel 2023 &#8211; dopo quasi quattro anni di sperimentazione, consultati gli episcopati e i dicasteri della Curia romana &#8211; Papa Francesco promulga le procedure per prevenire e contrastare il fenomeno degli <strong>abusi sessuali all\u2019interno della Chiesa cattolica<\/strong>. Il 14 giugno 2024 Bergoglio \u00e8 stato il protagonista del G7 in Puglia, prima volta per un Pontefice. Molte le iniziative durante questi anni per gli ultimi della societ\u00e0. Dalla Giornata Mondiale dei Poveri, per sensibilizzare la comunit\u00e0 internazionale sulla condizione dei poveri e per promuovere azioni concrete di solidariet\u00e0, alla Elemosineria Apostolica con la quale ha potenziato l\u2019ufficio del Vaticano che si occupa di distribuire aiuti ai bisognosi. Ha costantemente esortato la Chiesa e i governi a non dimenticare chi ha bisogno, e spesso ha lavorato per la giustizia sociale e a creare politiche per i pi\u00f9 vulnerabili. Garantire che tutti abbiano accesso ai beni essenziali \u00e8 stato uno dei punti principali del suo pontificato.<\/p>\n<p style=\"text-align: justify\">Con la sua enciclica \u201c<strong><em>Laudato si\u2019<\/em><\/strong>\u201d ha espresso anche le sue profonde riflessioni sull\u2019<em>ambiente<\/em>, mettendo al centro l\u2019ecologia, sottolineando che la cura del pianeta \u00e8 una responsabilit\u00e0 di tutti, perch\u00e9 natura e uomo sono interconnessi. Negli ultimi anni i suoi viaggi apostolici hanno toccato diversi Paesi, tra cui l\u2019Iraq nel 2021, che fu la prima visita di un Papa in questo paese. Nel 2019 il sinodo sull\u2019Amazzonia (2019) venne convocato per discutere le sfide ambientali e sociali della regione amazzonica, culminando nell\u2019esortazione apostolica \u201c<strong><em>Querida Amazonia<\/em><\/strong>\u201d. Esemplare di tale priorit\u00e0 fu il suo primo viaggio fuori da Roma: a <strong>Lampedusa<\/strong> a luglio 2013 Francesco lanci\u00f2 in mare una ghirlanda di fiori bianchi e gialli di fronte alla \u201cPorta d\u2019Europa\u201d, quel continente rimasto solo nei sogni di migliaia di migranti morti tentando di attraversare il Mediterraneo. Per la loro salvezza e accoglienza si sarebbe poi pronunciato regolarmente, a costo di andare in \u201ccontropiede\u201d rispetto alle forze xenofobe salite alla ribalta di governo un po\u2019 in tutto l\u2019Occidente durante il suo pontificato. Ma lottare per gli ultimi, nella sua visione, ha significato anche chiedere un impegno corale della comunit\u00e0 internazionale per tutelare l\u2019ambiente, dunque il creato, come teorizzato nell\u2019enciclica <strong><em>Laudato si\u2019<\/em><\/strong>, promulgata nel 2015. L\u2019altra sua enciclica forse pi\u00f9 caratterizzante, \u201c<strong><em>Fratelli tutti<\/em><\/strong>\u201d (2020), ha invece posto le basi della sua aspirazione a una vera \u00abf<em>ratellanza umana<\/em>\u00bb al di l\u00e0 delle appartenenze culturali e religiose. Battaglia anche questa quanto mai controcorrente in un mondo di nuovo squassato dalle guerre durante il suo Pontificato, dalla Siria all\u2019Ucraina, da Israele\/Gaza all\u2019Africa. L\u2019inedita condizione di \u00ab<strong><em>secondo Papa<\/em><\/strong>\u00bb, accanto ad uno emerito ancora in vita per quasi dieci anni \u2013 seppur defilato nel buen retiro di Castel Gandolfo \u2013 non ha impedito a Bergoglio di imprimere la sua linea anche sul piano dottrinale. Sui temi della vita, Papa Francesco \u00e8 rimasto attestato sulle tradizionali posizioni della Chiesa: ripudio dell\u2019<strong>aborto<\/strong>, definito a pi\u00f9 riprese e senza mezzi termini \u00ab<strong><em>omicidio<\/em><\/strong>\u00bb, cos\u00ec come dell\u2019<strong>eutanasia<\/strong>, rubricata anch\u2019essa a sintomo di una pericolosa \u00ab<strong><em>cultura della morte<\/em><\/strong>\u00bb, difesa a spada tratta della <strong>famiglia<\/strong> (tradizionale) come nucleo fondante della vita e della societ\u00e0. Al contempo per\u00f2 Bergoglio ha lanciato negli anni significativi segnali di \u201ccomprensione\u201d dell\u2019<strong>omosessualit\u00e0<\/strong>. Sul volo di ritorno dal Brasile, nel luglio del 2013, Papa Francesco, incalzato dai giornalisti, risponde: &#8220;<em>Se una persona \u00e8 gay e cerca il Signore e ha buona volont\u00e0, chi sono io per giudicarla?<\/em>\u201d, (si) chiese gi\u00e0 pochi mesi dopo l\u2019elezione. E ha aperto alle <strong>donne all\u2019interno della Chiesa<\/strong>, compiendo passi per rompere un secolare tab\u00f9, sino a dichiarare nel 2022 di voler nominare due donne nel dicastero della Curia incaricato di selezionare i nuovi vescovi. Per quest\u2019agenda riformista, che fa il paio con quella progressista sul piano politico ricordata sopra, Bergoglio ha da sempre dovuto fare i conti con una tenace fronda conservatrice all\u2019interno della Chiesa, presente sia nella Curia romana che altrove (Usa in primis), che a pi\u00f9 riprese ha tentato di attaccarlo e screditarlo. \u00ab<em>Alcuni mi volevano morto, quegli attacchi sono opera del diavolo<\/em>\u00bb, si sfog\u00f2 nel 2021 dopo aver subito un intervento al colon e ribad\u00ec poi nella sua autobiografia. Francesco si \u00e8 trovato a dover gestire anche alcuni dei casi pi\u00f9 spinosi e imbarazzanti per la Chiesa. Primo fra tutti \u00e8 certamente la piaga interna della <strong>pedofilia <\/strong>e degli <strong>abusi su minori<\/strong>. Nel 2014, Bergoglio chiese pubblicamente perdono per il male inferto da \u00ab<em>alcuni sacerdoti<\/em>\u00bb attraverso gli abusi sessuali compiuti su bambini, quindi istitu\u00ec la <strong>Pontificia commissione per la tutela dei minori<\/strong>. A livello pratico, ha fatto seguito a tali passi la riforma delle procedure interne alla Chiesa in caso di presunti abusi varata nel 2019. L\u2019azione del Vaticano contro la pedofilia sotto Francesco \u00e8 stata giudicata ciononostante insufficiente da parte di alcune delle vittime o attivisti, che hanno negli anni lamentato la mano tutt\u2019altro che dura nei confronti di alcuni alti membri del clero accusati di aver attuato o protetto abusi \u2013 come il cardinale americano <strong>Bernard Law<\/strong> (di cui offici\u00f2 i funerali nel 2017), i diplomatici e monsignori <strong>J\u00f3zef Weso\u0142owski<\/strong> e <strong>Carlo Alberto Cipolla<\/strong> (richiamati a Roma cos\u00ec da evitare loro delicati processi oltreoceano) o ancora l\u2019arcivescovo di Sidney <strong>George Pell<\/strong>. Francesco ha tentato di spingere sul piede della pulizia e della trasparenza pure sulle operazioni spesso controverse dello Ior, istituendo gi\u00e0 pochi mesi dopo la sua nomina un\u2019apposita \u00ab<em>Pontificia commissione referente<\/em>\u00bb sulla banca vaticana. E nel 2020 ha reagito duramente allo scandalo finanziario che ha visto coinvolto il cardinale <strong>Giovanni Angelo Becciu<\/strong>, sollevandolo dall\u2019incarico di prefetto della congregazione dei Santi e da ogni diritto legato al cardinalato.<\/p>\n<p style=\"text-align: justify\">Al giovane Bergoglio fu asportata all\u2019et\u00e0 di 21 anni la parte superiore del polmone destro a seguito di una <strong>grave polmonite<\/strong>: condizione questa con cui ha tuttavia sempre convissuto senza problemi. In tarda et\u00e0 il Papa ha per\u00f2 dovuto iniziare a fare i conti con vari acciacchi e guai di salute. A luglio 2021 ha dovuto sottoporsi al menzionato intervento per l\u2019asportazione di una parte del colon. Poi a infastidirlo sono stati anche alcuni <strong>problemi a un ginocchio<\/strong>, derivanti da una frattura ai legamenti. A causa di ci\u00f2 dal 2022, dopo essersi appoggiato sempre pi\u00f9 di frequente al bastone, Francesco ha dovuto accettare di muoversi prevalentemente in carrozzina. A partire dal 2023, Bergoglio \u00e8 poi stato in cura a pi\u00f9 riprese, sempre al Gemelli di Roma, per delle forme di <strong>bronchite<\/strong>, e in un\u2019occasione anche per un intervento di <strong>laparotomia<\/strong>. Pi\u00f9 volte poi negli ultimi mesi era stato costretto a rinunciare a incontri o omelie in programma per ragioni legate alla salute. Acciacchi della terza et\u00e0 su cui Bergoglio ha sempre volentieri scherzato, sdrammatizzando le sue condizioni e negando di voler abdicare come fatto dal suo predecessore \u2013 a meno di non rendersi conto un giorno di non essere pi\u00f9 in grado di guidare adeguatamente la Chiesa. Impegno cui Bergoglio ha tenuto fede sino all\u2019ultimo giorno. Ora per il mondo cattolico \u00e8 il momento del lutto e della commozione. Poi verr\u00e0 quello di voltare pagina, scegliendo nel prossimo Conclave l\u2019erede del Pontefice \u00abvenuto dall\u2019altra parte del mondo\u00bb.<\/p>\n","protected":false},"excerpt":{"rendered":"<p>Jorge Mario Bergoglio si \u00e8 spento dopo il ricovero al Gemelli. Il Pontefice aveva 88 anni. Nato il 17 dicembre 1936 a Buenos Aires, in Argentina, \u00e8 stato il 266esimo Papa della Chiesa cattolica. Lo ha comunicato il cardinale Kevin Farrell, Camerlengo di Santa Romana Chiesa: \u201cCarissimi fratelli e sorelle, con profondo dolore devo annunciare<\/p>\n","protected":false},"author":14,"featured_media":3664,"comment_status":"open","ping_status":"open","sticky":false,"template":"","format":"standard","meta":{"pmpro_default_level":"","footnotes":""},"categories":[64],"tags":[455,456,457,458,459,460,461,462,463,464,465,466],"class_list":["post-3663","post","type-post","status-publish","format-standard","has-post-thumbnail","category-cronaca-nazionale","tag-bernard-law","tag-carlo-alberto-cipolla","tag-compagnia-di-gesu","tag-george-pell","tag-giovanni-angelo-becciu","tag-jorge-mario-bergoglio","tag-joseph-ratzinger","tag-jozef-wesolowski","tag-kevin-farrell","tag-morto-il-papa","tag-papa-benedetto-xvi","tag-papa-francesco","pmpro-has-access"],"_links":{"self":[{"href":"https:\/\/www.timescampania.it\/napoli\/wp-json\/wp\/v2\/posts\/3663","targetHints":{"allow":["GET"]}}],"collection":[{"href":"https:\/\/www.timescampania.it\/napoli\/wp-json\/wp\/v2\/posts"}],"about":[{"href":"https:\/\/www.timescampania.it\/napoli\/wp-json\/wp\/v2\/types\/post"}],"author":[{"embeddable":true,"href":"https:\/\/www.timescampania.it\/napoli\/wp-json\/wp\/v2\/users\/14"}],"replies":[{"embeddable":true,"href":"https:\/\/www.timescampania.it\/napoli\/wp-json\/wp\/v2\/comments?post=3663"}],"version-history":[{"count":0,"href":"https:\/\/www.timescampania.it\/napoli\/wp-json\/wp\/v2\/posts\/3663\/revisions"}],"wp:featuredmedia":[{"embeddable":true,"href":"https:\/\/www.timescampania.it\/napoli\/wp-json\/wp\/v2\/media\/3664"}],"wp:attachment":[{"href":"https:\/\/www.timescampania.it\/napoli\/wp-json\/wp\/v2\/media?parent=3663"}],"wp:term":[{"taxonomy":"category","embeddable":true,"href":"https:\/\/www.timescampania.it\/napoli\/wp-json\/wp\/v2\/categories?post=3663"},{"taxonomy":"post_tag","embeddable":true,"href":"https:\/\/www.timescampania.it\/napoli\/wp-json\/wp\/v2\/tags?post=3663"}],"curies":[{"name":"wp","href":"https:\/\/api.w.org\/{rel}","templated":true}]}}