{"id":3687,"date":"2025-04-24T15:05:40","date_gmt":"2025-04-24T13:05:40","guid":{"rendered":"https:\/\/com.corrieredellacampania.it\/?p=3687"},"modified":"2025-04-24T15:05:40","modified_gmt":"2025-04-24T13:05:40","slug":"scomparsa-di-papa-francesco-chi-sara-il-nuovo-pontefice","status":"publish","type":"post","link":"https:\/\/www.timescampania.it\/napoli\/2025\/04\/24\/scomparsa-di-papa-francesco-chi-sara-il-nuovo-pontefice\/","title":{"rendered":"Scomparsa di Papa Francesco: chi sar\u00e0 il nuovo pontefice?"},"content":{"rendered":"<p><strong>Papa Francesco<\/strong> \u00e8 scomparso il giorno <strong>22 aprile<\/strong> alle ore 7:35 del mattino. Dopo la sua scomparsa, la Chiesa cattolica si prepara a eleggere il suo successore attraverso un <strong>Conclave<\/strong> che si terr\u00e0 tra il <strong>5 e il 10 maggio 2025<\/strong>. Il Collegio dei Cardinali, composto da <strong>135 elettori<\/strong>, \u00e8 chiamato a scegliere il nuovo Pontefice. In attesa dei funerali, che si terranno sabato 10 aprile alle ore 10 sul sagrato della basilica di San Pietro, esaminiamo i possibili successori di Papa Francesco. Tra i possibili candidati, noti come &#8220;papabili&#8221;, emergono figure di rilievo provenienti da diverse parti del mondo.<\/p>\n<p>Tra i cardinali italiani si distingue <strong>Pietro Parolin<\/strong>, attuale Segretario si Stato vaticano. E\u2019 noto per la sua grande esperienza diplomatica e per la sua capacit\u00e0 di mediazione. E\u2019 molto vicino alla linea di Papa Francesco, essendo considerato un moderato.<\/p>\n<p>Anche l\u2019attuale arcivescovo di Bologna, <strong>Matteo Maria Zuppi<\/strong>, rappresenta un nome di rilievo. Presidente della Conferenza Episcopale Italiana, \u00e8 conosciuto per il suo impegno sociale e per la sua vicinanza alla comunit\u00e0 di Sant\u2019Egidio.<\/p>\n<p>Come ultimo cardinale italiano, tra i favoriti c\u2019\u00e8 <strong>Pierbattista Pizzabella<\/strong>, patriarca latino di Gerusalemme, con una profonda conoscenza per il Medio Oriente e delle dinamiche interreligiose. Pi\u00f9 volte si \u00e8 espresso a favore della pace tra Israele e Palestina.<\/p>\n<p><strong>Luis Antonio Gokim Tagle<\/strong> \u00e8 originario delle filippine, nonch\u00e9 Prefetto del Dicastero per l\u2019Evangelizzazione. Rappresenta una figura di spicco nel panorama asiatico e viene considerato vicino alla sensibilit\u00e0 di Papa Francesco.<\/p>\n<p>Noto per il suo impegno nella giustizia sociale e per la difesa dei poveri, <strong>Fridolin Ambongo Besungu<\/strong> \u00e8 l\u2019Arcivescovo di Kinshasa, originario della Repubblica Democratica del Congo.<\/p>\n<p>Dalla parte dei conservatori c\u2019\u00e8 <strong>Peter Erd\u0151<\/strong>, Arcivescovo di Esztergom-Budapest, originario dell\u2019Ungheria e con una forte formazione teologica.<\/p>\n<p><strong>Raymond Leo Burke<\/strong> \u00e8 un altro dei possibili candidati, cardinale statunitense noto per le sue posizioni tradizionaliste e per le critiche al pontificato di Francesco.<\/p>\n<p>Infine, ultimo nome da tenere d\u2019occhio \u00e8<strong> Kevin Farrell<\/strong>, Camerlengo e Prefetto del Dicastero per i Laici, la Famiglia e la Vita. Pur non essendo tra i favoriti, ha un ruolo chiave nell&#8217;organizzazione del Conclave.<\/p>\n<p>Sicuramente questo Conclave si preannuncia come uno dei pi\u00f9 internazionali e imprevedibili della storia recente, con un equilibrio tra diverse sensibilit\u00e0 teologiche e geografiche. La scelta del nuovo Papa sar\u00e0 determinante per il futuro della Chiesa cattolica, ma la comunit\u00e0 accoglier\u00e0 di buon grado il nuovo pontefice.<\/p>\n<p>&nbsp;<\/p>\n<p>&nbsp;<\/p>\n","protected":false},"excerpt":{"rendered":"<p>Papa Francesco \u00e8 scomparso il giorno 22 aprile alle ore 7:35 del mattino. Dopo la sua scomparsa, la Chiesa cattolica si prepara a eleggere il suo successore attraverso un Conclave che si terr\u00e0 tra il 5 e il 10 maggio 2025. Il Collegio dei Cardinali, composto da 135 elettori, \u00e8 chiamato a scegliere il nuovo<\/p>\n","protected":false},"author":16,"featured_media":3688,"comment_status":"open","ping_status":"open","sticky":false,"template":"","format":"standard","meta":{"pmpro_default_level":"","footnotes":""},"categories":[63],"tags":[468,858,466,859],"class_list":["post-3687","post","type-post","status-publish","format-standard","has-post-thumbnail","category-attualita","tag-conclave","tag-funerali","tag-papa-francesco","tag-pontefice","pmpro-has-access"],"_links":{"self":[{"href":"https:\/\/www.timescampania.it\/napoli\/wp-json\/wp\/v2\/posts\/3687","targetHints":{"allow":["GET"]}}],"collection":[{"href":"https:\/\/www.timescampania.it\/napoli\/wp-json\/wp\/v2\/posts"}],"about":[{"href":"https:\/\/www.timescampania.it\/napoli\/wp-json\/wp\/v2\/types\/post"}],"author":[{"embeddable":true,"href":"https:\/\/www.timescampania.it\/napoli\/wp-json\/wp\/v2\/users\/16"}],"replies":[{"embeddable":true,"href":"https:\/\/www.timescampania.it\/napoli\/wp-json\/wp\/v2\/comments?post=3687"}],"version-history":[{"count":0,"href":"https:\/\/www.timescampania.it\/napoli\/wp-json\/wp\/v2\/posts\/3687\/revisions"}],"wp:featuredmedia":[{"embeddable":true,"href":"https:\/\/www.timescampania.it\/napoli\/wp-json\/wp\/v2\/media\/3688"}],"wp:attachment":[{"href":"https:\/\/www.timescampania.it\/napoli\/wp-json\/wp\/v2\/media?parent=3687"}],"wp:term":[{"taxonomy":"category","embeddable":true,"href":"https:\/\/www.timescampania.it\/napoli\/wp-json\/wp\/v2\/categories?post=3687"},{"taxonomy":"post_tag","embeddable":true,"href":"https:\/\/www.timescampania.it\/napoli\/wp-json\/wp\/v2\/tags?post=3687"}],"curies":[{"name":"wp","href":"https:\/\/api.w.org\/{rel}","templated":true}]}}