{"id":3697,"date":"2025-04-26T11:39:35","date_gmt":"2025-04-26T09:39:35","guid":{"rendered":"https:\/\/com.corrieredellacampania.it\/?p=3697"},"modified":"2025-04-26T11:39:35","modified_gmt":"2025-04-26T09:39:35","slug":"ultimo-saluto-a-papa-francesco-lomelia-del-cardinale-giovanni-battista-re","status":"publish","type":"post","link":"https:\/\/www.timescampania.it\/napoli\/2025\/04\/26\/ultimo-saluto-a-papa-francesco-lomelia-del-cardinale-giovanni-battista-re\/","title":{"rendered":"Ultimo saluto a Papa Francesco: l\u2019omelia del cardinale Giovanni Battista Re"},"content":{"rendered":"<p>Oggi, <strong>sabato 26 aprile 2025<\/strong>, il mondo intero si \u00e8 fermato per rendere omaggio a <strong>Papa Francesco<\/strong>, scomparso luned\u00ec 21 aprile all&#8217;et\u00e0 di 88 anni a causa di un ictus. I <strong>funerali solenni<\/strong> si sono svolti in Piazza San Pietro, gremita da oltre 200.000 fedeli provenienti da ogni angolo del pianeta. La cerimonia \u00e8 stata presieduta dal cardinale decano Giovanni Battista Re, con la concelebrazione di circa 5.000 tra cardinali, vescovi e sacerdoti.<\/p>\n<p>Fin dalle prime luci dell&#8217;alba, migliaia di persone hanno affollato via della Conciliazione e le aree circostanti. La bara del Pontefice, in legno semplice come da sua volont\u00e0, \u00e8 stata accolta da un lungo applauso al suo arrivo sul sagrato della basilica. Alle 10 in punto, un minuto di silenzio ha preceduto l&#8217;inizio della funzione, sottolineando il profondo rispetto e la commozione dei presenti.<\/p>\n<p>Oltre <strong>160 delegazioni ufficiali<\/strong> partecipano alle esequie, tra cui spiccano il presidente argentino <strong>Javier Milei<\/strong>, il presidente statunitense <strong>Donald Trump<\/strong> con la moglie Melania, il presidente francese <strong>Emmanuel Macron<\/strong> con la consorte Brigitte, il presidente ucraino <strong>Volodymyr Zelensky<\/strong>, il presidente brasiliano <strong>Luiz In\u00e1cio Lula da Silva<\/strong>, il <strong>principe William<\/strong> in rappresentanza del Regno Unito e il presidente italiano <strong>Sergio Mattarella<\/strong>.<\/p>\n<p>Al termine della messa, intorno alle 11:30, il <strong>feretro<\/strong> di Papa Francesco partir\u00e0 in corteo verso la <strong>basilica di Santa Maria Maggiore<\/strong>, lungo un percorso di circa 4 chilometri che attraverser\u00e0 luoghi simbolici della citt\u00e0 eterna, come Piazza Venezia, Via dei Fori Imperiali e il Colosseo. L&#8217;arrivo \u00e8 previsto intorno alle 12:00, dove la bara sar\u00e0 accolta da un gruppo rappresentativo di poveri, migranti, detenuti e persone transgender, in linea con l&#8217;attenzione del Papa verso gli ultimi.<\/p>\n<p>Contrariamente alla tradizione, Papa Francesco ha scelto di essere sepolto nella basilica di Santa Maria Maggiore, diventando il primo pontefice dal 1903 a riposare fuori dal territorio vaticano. La cerimonia di sepoltura, a porte chiuse, sar\u00e0 presieduta dal cardinale camerlengo Kevin Farrell.<\/p>\n<p>Il cardinale <strong>Giovanni Battista Re<\/strong> ha tenuto l\u2019<strong>omelia<\/strong> per omaggiare le imprese del deceduto pontefice. Ha ringraziato tutti i presenti per essere giunti per un ultimo saluto al pontefice. Ha nominato la messa pasquale, dove il papa ha voluto benedire la folla nonostante le critiche condizioni di salute e ha voluto scendere in piazza con la papa-mobile. Il cardinale omaggia papa Francesco, grazie alla sua esperienza pregressa nella compagnia dei gesuiti. La scelta del suo nome ha rispecchiato i suoi ideali di umilt\u00e0 e la sua forma di guida pastorale, avendo istaurando un contatto diretto con persone e popolazione desideroso di essere vicino e tutti, e in particolare agli ultimi e agli emarginati. E\u2019 stato un papa in mezzo alla gente e attento al nuovo che emergeva nella societ\u00e0. Con il suo linguaggio ricco di metafore ha cercato di illuminare il mondo con le parole del vangelo, spingendo a vivere le difficolt\u00e0 da cristiani. Si \u00e8 donato nel confortare e incoraggiare con un messaggio capace di arrivare al cuore delle persone in modo semplice e immediato. Il primato dell\u2019evangelizzazione \u00e8 stato la guida del suo pontificato, diffondendo la gioia del vangelo. Filo conduttore della sua missione \u00e8 stato anche che la chiesa \u00e8 una casa per tutti, una casa dalle porte sempre aperte. Ha rappresentato una chiesa determinata a prendersi cura delle persone e dei grandi affanni del mondo contemporaneo, una chiesa capace di abbassarsi ai drammi quotidiani. Dei suoi 47 viaggi apostolici rester\u00e0 nella storia quello in Iraq nel 2021, la visita apostolica \u00e8 stata un balsamo per le povere persone sofferenti per l\u2019attacco dell\u2019ISIS. Ha sempre messo al centro il vangelo della misericordia, sottolineando che Dio non si stanca mai di perdonare. Per questo volle subito il Giubileo straordinario della Misericordia. Ha parlato della cultura dell\u2019incontro, della solidariet\u00e0. Ha richiamato l\u2019attenzione sui doveri e sulla responsabilit\u00e0 nei riguardi della casa comune. Di fronte all\u2019infuriare delle guerre di questi anni, papa Francesco incessantemente ha elevato la sua voce implorando la pace, invitando alla ragionevolezza e all\u2019onesta trattativa per trovare soluzioni possibili, perch\u00e9 diceva che la guerra \u00e8 solo morte di persone, distruzione di case, ospedali e scuole, la guerra lascia sempre il mondo peggiore di come era precedentemente, essa \u00e8 per tutti sempre una dolosa e tragica sconfitta. Costruire ponti e non musi \u00e8 un\u2019esaltazione che ha pi\u00f9 volte ripetuto. Infine, il cardinale ha ripetuto ci\u00f2 che il papa ribadiva sempre alla fine dei suoi discorsi e dei suoi incontri professionali\u00a0 \u201cNon dimenticatevi di pregare per me\u201d, e continua dicendo \u201cOra, caro papa Francesco, chiediamo a te di pregare per noi e ti chiediamo che dal cielo tu benedica la chiesa, benedica Roma, benedica il mondo intero, come domenica scorsa hai fatto dal balcone di questa basilica in un ultimo abbraccio con tutto il popolo di dio ma idealmente anche con l\u2019intera umanit\u00e0 che cerca la verit\u00e0 con cuore sincero e che tiene alta la fiaccola della speranza\u201d. Con questa bellissima preghiera il cardinale conclude l\u2019omelia.<\/p>\n","protected":false},"excerpt":{"rendered":"<p>Oggi, sabato 26 aprile 2025, il mondo intero si \u00e8 fermato per rendere omaggio a Papa Francesco, scomparso luned\u00ec 21 aprile all&#8217;et\u00e0 di 88 anni a causa di un ictus. I funerali solenni si sono svolti in Piazza San Pietro, gremita da oltre 200.000 fedeli provenienti da ogni angolo del pianeta. La cerimonia \u00e8 stata<\/p>\n","protected":false},"author":16,"featured_media":3698,"comment_status":"open","ping_status":"open","sticky":false,"template":"","format":"standard","meta":{"pmpro_default_level":"","footnotes":""},"categories":[63],"tags":[858,860,464,861,466],"class_list":["post-3697","post","type-post","status-publish","format-standard","has-post-thumbnail","category-attualita","tag-funerali","tag-giovanni-battista-re","tag-morto-il-papa","tag-omelia","tag-papa-francesco","pmpro-has-access"],"_links":{"self":[{"href":"https:\/\/www.timescampania.it\/napoli\/wp-json\/wp\/v2\/posts\/3697","targetHints":{"allow":["GET"]}}],"collection":[{"href":"https:\/\/www.timescampania.it\/napoli\/wp-json\/wp\/v2\/posts"}],"about":[{"href":"https:\/\/www.timescampania.it\/napoli\/wp-json\/wp\/v2\/types\/post"}],"author":[{"embeddable":true,"href":"https:\/\/www.timescampania.it\/napoli\/wp-json\/wp\/v2\/users\/16"}],"replies":[{"embeddable":true,"href":"https:\/\/www.timescampania.it\/napoli\/wp-json\/wp\/v2\/comments?post=3697"}],"version-history":[{"count":0,"href":"https:\/\/www.timescampania.it\/napoli\/wp-json\/wp\/v2\/posts\/3697\/revisions"}],"wp:featuredmedia":[{"embeddable":true,"href":"https:\/\/www.timescampania.it\/napoli\/wp-json\/wp\/v2\/media\/3698"}],"wp:attachment":[{"href":"https:\/\/www.timescampania.it\/napoli\/wp-json\/wp\/v2\/media?parent=3697"}],"wp:term":[{"taxonomy":"category","embeddable":true,"href":"https:\/\/www.timescampania.it\/napoli\/wp-json\/wp\/v2\/categories?post=3697"},{"taxonomy":"post_tag","embeddable":true,"href":"https:\/\/www.timescampania.it\/napoli\/wp-json\/wp\/v2\/tags?post=3697"}],"curies":[{"name":"wp","href":"https:\/\/api.w.org\/{rel}","templated":true}]}}