{"id":3709,"date":"2025-04-28T12:01:54","date_gmt":"2025-04-28T10:01:54","guid":{"rendered":"https:\/\/com.corrieredellacampania.it\/?p=3709"},"modified":"2025-04-28T12:01:54","modified_gmt":"2025-04-28T10:01:54","slug":"tomba-di-papa-francesco-perche-la-basilica-di-santa-maria-maggiore","status":"publish","type":"post","link":"https:\/\/www.timescampania.it\/napoli\/2025\/04\/28\/tomba-di-papa-francesco-perche-la-basilica-di-santa-maria-maggiore\/","title":{"rendered":"Tomba di papa Francesco: perch\u00e9 la Basilica di Santa Maria Maggiore?"},"content":{"rendered":"<p><strong>Sabato 26 aprile<\/strong> si sono svolti i <strong>funerali di papa Francesco<\/strong>. La sua salma \u00e8 giunta alla <strong>Basilica di Santa Maria Maggiore<\/strong> a Roma, dove \u00e8 stato sepolto secondo le sue volont\u00e0.<\/p>\n<p>Dopo la messa funebre celebrata alle 10:00 in Piazza San Pietro e presieduta dal cardinale Giovanni Battista Re, il feretro \u00e8 stato collocato su una papamobile modificata per l&#8217;occasione. Il <strong>corteo<\/strong> ha attraversato il centro di Roma <strong>a passo d&#8217;uomo<\/strong>, lungo un percorso di circa 6 chilometri, passando per via di Porta Cavalleggeri, Galleria Pasa, Corso Vittorio Emanuele, Piazza Venezia, via dei Fori Imperiali, Colosseo, via Labicana e via Merulana, fino a raggiungere Santa Maria Maggiore .<\/p>\n<p>Migliaia di fedeli si sono assiepati lungo il tragitto, applaudendo e rendendo omaggio al passaggio del feretro .<\/p>\n<p>All&#8217;arrivo alla basilica, la bara \u00e8 stata portata a spalla da 14 sediari pontifici fino alla cappella della <strong>Salus Populi Romani<\/strong>, icona mariana molto cara a Papa Francesco . Successivamente, il feretro \u00e8 stato tumulato in una nicchia semplice, vicino alla <strong>cappella Paolina<\/strong>, in una cerimonia privata presieduta dal cardinale camerlengo Kevin Farrell .<\/p>\n<p>Sin dalle prime ore dell\u2019alba di domenica 27 aprile, migliaia di fedeli si sono messi in fila per rendere omaggio alla tomba del papa. Tra famiglie, pellegrini e gli stessi cardinali, tutti pregano in religioso silenzio per il defunto pontefice, rispecchiando proprio la sua volont\u00e0.<\/p>\n<p>La scelta di essere sepolto a Santa Maria Maggiore riflette la profonda devozione di Papa Francesco alla Vergine Maria. Durante il suo pontificato, visitava frequentemente questa basilica, in particolare prima e dopo i suoi viaggi apostolici. Inoltre, la vicinanza alla cappella Paolina \u00e8 particolarmente vicina all\u2019icona del Salus Populi Romani, madonna al quale lui era molto devoto. Non si trova in una posizione centrale, ma in un angolo pi\u00f9 intimo, e la tomba, prima di decorazioni sfarzose, presenta solo l\u2019iscrizione \u201cFrancisus PP. (Pontifex Pontificum)\u201d . Anni fa, il papa avrebbe disposto precise istruzioni: voleva che la tomba fosse accessibile a tutti, e che qualsiasi pellegrino potesse fermarvisi a rendere omaggio, senza esclusioni.<\/p>\n<p>Santa Maria Maggiore \u00e8 una delle quattro basiliche papali di Roma, ma a differenza delle altre ha un carattere pi\u00f9 intimo e legato al popolo. La scelta del defunto pontefice \u00e8 in perfetta linea con la natura del suo pontificato. Inoltre, egli \u00e8 il primo papa ad essere sepolto all\u2019interno della basilica. Storicamente vengono seppelliti nelle Grotte Vaticane, sotto la basilica di San Pietro, oppure in altre basiliche.<\/p>\n<p>Vedendo le immagini della tomba, ci si rende conto di come la scelta rispecchi in pieno l\u2019anima di papa Francesco, che si \u00e8 sempre contraddistinto per la sua semplicit\u00e0 ed essenzialit\u00e0.<\/p>\n","protected":false},"excerpt":{"rendered":"<p>Sabato 26 aprile si sono svolti i funerali di papa Francesco. La sua salma \u00e8 giunta alla Basilica di Santa Maria Maggiore a Roma, dove \u00e8 stato sepolto secondo le sue volont\u00e0. Dopo la messa funebre celebrata alle 10:00 in Piazza San Pietro e presieduta dal cardinale Giovanni Battista Re, il feretro \u00e8 stato collocato<\/p>\n","protected":false},"author":16,"featured_media":3710,"comment_status":"open","ping_status":"open","sticky":false,"template":"","format":"standard","meta":{"pmpro_default_level":"","footnotes":""},"categories":[63],"tags":[464,466,862,863],"class_list":["post-3709","post","type-post","status-publish","format-standard","has-post-thumbnail","category-attualita","tag-morto-il-papa","tag-papa-francesco","tag-santa-maria-maggiore","tag-tomba","pmpro-has-access"],"_links":{"self":[{"href":"https:\/\/www.timescampania.it\/napoli\/wp-json\/wp\/v2\/posts\/3709","targetHints":{"allow":["GET"]}}],"collection":[{"href":"https:\/\/www.timescampania.it\/napoli\/wp-json\/wp\/v2\/posts"}],"about":[{"href":"https:\/\/www.timescampania.it\/napoli\/wp-json\/wp\/v2\/types\/post"}],"author":[{"embeddable":true,"href":"https:\/\/www.timescampania.it\/napoli\/wp-json\/wp\/v2\/users\/16"}],"replies":[{"embeddable":true,"href":"https:\/\/www.timescampania.it\/napoli\/wp-json\/wp\/v2\/comments?post=3709"}],"version-history":[{"count":0,"href":"https:\/\/www.timescampania.it\/napoli\/wp-json\/wp\/v2\/posts\/3709\/revisions"}],"wp:featuredmedia":[{"embeddable":true,"href":"https:\/\/www.timescampania.it\/napoli\/wp-json\/wp\/v2\/media\/3710"}],"wp:attachment":[{"href":"https:\/\/www.timescampania.it\/napoli\/wp-json\/wp\/v2\/media?parent=3709"}],"wp:term":[{"taxonomy":"category","embeddable":true,"href":"https:\/\/www.timescampania.it\/napoli\/wp-json\/wp\/v2\/categories?post=3709"},{"taxonomy":"post_tag","embeddable":true,"href":"https:\/\/www.timescampania.it\/napoli\/wp-json\/wp\/v2\/tags?post=3709"}],"curies":[{"name":"wp","href":"https:\/\/api.w.org\/{rel}","templated":true}]}}