{"id":3742,"date":"2025-05-07T10:13:10","date_gmt":"2025-05-07T08:13:10","guid":{"rendered":"https:\/\/com.corrieredellacampania.it\/?p=3742"},"modified":"2025-05-07T10:13:10","modified_gmt":"2025-05-07T08:13:10","slug":"inizio-del-conclave-alle-1900-la-prima-fumata","status":"publish","type":"post","link":"https:\/\/www.timescampania.it\/napoli\/2025\/05\/07\/inizio-del-conclave-alle-1900-la-prima-fumata\/","title":{"rendered":"Inizio del Conclave: alle 19:00 la prima fumata"},"content":{"rendered":"<p>Oggi, <strong>mercoled\u00ec 7 maggio 2025<\/strong>, ha ufficialmente inizio il <strong>Conclave<\/strong> in Vaticano per eleggere il <strong>successore di Papa Francesco<\/strong>, deceduto lo scorso 22 aprile all&#8217;et\u00e0 di 88 anni. Si tratta del <strong>267\u00b0 Papa<\/strong> nella storia della Chiesa cattolica.<\/p>\n<p>Alle ore 10:00 si \u00e8 tenuta la messa &#8220;Pro Eligendo Pontifice&#8221; nella Basilica di San Pietro, celebrata dal cardinale <strong>Giovanni Battista Re<\/strong>. Nel pomeriggio, alle <strong>16:30<\/strong>, i 133 cardinali elettori si riuniranno nella Cappella Sistina, dando ufficialmente inizio al Conclave con il tradizionale <strong>&#8220;Extra Omnes&#8221;<\/strong>, che sancisce l&#8217;isolamento dei partecipanti dal mondo esterno.<\/p>\n<p>La prima votazione \u00e8 prevista per il pomeriggio, con la <strong>prima fumata<\/strong> attesa intorno alle <strong>19:00<\/strong>. Una fumata nera indicher\u00e0 che non \u00e8 stato ancora raggiunto un accordo, mentre una fumata bianca annuncer\u00e0 l&#8217;elezione del nuovo Pontefice.<\/p>\n<p>Per essere eletto, un candidato deve ottenere almeno <strong>89 voti<\/strong>, equivalenti ai <strong>due terzi dei cardinali elettori<\/strong>. Tra i principali candidati figurano il cardinale italiano Pietro Parolin, Segretario di Stato vaticano, il cardinale filippino Luis Antonio Tagle e l&#8217;italiano Pierbattista Pizzaballa, patriarca latino di Gerusalemme.<\/p>\n<p>Il Conclave si svolge in un clima di riservatezza e riflessione, con i cardinali chiamati a scegliere il nuovo Papa che guider\u00e0 la Chiesa cattolica nei prossimi anni.<\/p>\n<p>&nbsp;<\/p>\n","protected":false},"excerpt":{"rendered":"<p>Oggi, mercoled\u00ec 7 maggio 2025, ha ufficialmente inizio il Conclave in Vaticano per eleggere il successore di Papa Francesco, deceduto lo scorso 22 aprile all&#8217;et\u00e0 di 88 anni. Si tratta del 267\u00b0 Papa nella storia della Chiesa cattolica. Alle ore 10:00 si \u00e8 tenuta la messa &#8220;Pro Eligendo Pontifice&#8221; nella Basilica di San Pietro, celebrata<\/p>\n","protected":false},"author":16,"featured_media":3743,"comment_status":"open","ping_status":"open","sticky":false,"template":"","format":"standard","meta":{"pmpro_default_level":"","footnotes":""},"categories":[63],"tags":[468,864,469,464],"class_list":["post-3742","post","type-post","status-publish","format-standard","has-post-thumbnail","category-attualita","tag-conclave","tag-fumate","tag-habemus-papam","tag-morto-il-papa","pmpro-has-access"],"_links":{"self":[{"href":"https:\/\/www.timescampania.it\/napoli\/wp-json\/wp\/v2\/posts\/3742","targetHints":{"allow":["GET"]}}],"collection":[{"href":"https:\/\/www.timescampania.it\/napoli\/wp-json\/wp\/v2\/posts"}],"about":[{"href":"https:\/\/www.timescampania.it\/napoli\/wp-json\/wp\/v2\/types\/post"}],"author":[{"embeddable":true,"href":"https:\/\/www.timescampania.it\/napoli\/wp-json\/wp\/v2\/users\/16"}],"replies":[{"embeddable":true,"href":"https:\/\/www.timescampania.it\/napoli\/wp-json\/wp\/v2\/comments?post=3742"}],"version-history":[{"count":0,"href":"https:\/\/www.timescampania.it\/napoli\/wp-json\/wp\/v2\/posts\/3742\/revisions"}],"wp:featuredmedia":[{"embeddable":true,"href":"https:\/\/www.timescampania.it\/napoli\/wp-json\/wp\/v2\/media\/3743"}],"wp:attachment":[{"href":"https:\/\/www.timescampania.it\/napoli\/wp-json\/wp\/v2\/media?parent=3742"}],"wp:term":[{"taxonomy":"category","embeddable":true,"href":"https:\/\/www.timescampania.it\/napoli\/wp-json\/wp\/v2\/categories?post=3742"},{"taxonomy":"post_tag","embeddable":true,"href":"https:\/\/www.timescampania.it\/napoli\/wp-json\/wp\/v2\/tags?post=3742"}],"curies":[{"name":"wp","href":"https:\/\/api.w.org\/{rel}","templated":true}]}}