{"id":4615,"date":"2024-11-08T15:24:52","date_gmt":"2024-11-08T14:24:52","guid":{"rendered":"https:\/\/www.calcionapoli.online\/?p=4615"},"modified":"2024-11-08T15:24:52","modified_gmt":"2024-11-08T14:24:52","slug":"napoli-conte-come-tornare-indietro-nel-tempo","status":"publish","type":"post","link":"https:\/\/www.timescampania.it\/napoli\/2024\/11\/08\/napoli-conte-come-tornare-indietro-nel-tempo\/","title":{"rendered":"Napoli, Conte: &#8220;Come tornare indietro nel tempo!&#8221;"},"content":{"rendered":"<p style=\"text-align: justify\">Mister <strong>Antonio Conte<\/strong> sa che la partita contro <strong>l&#8217;Inter<\/strong> vale pi\u00f9 di <strong>tre punti<\/strong>: equilibrio, onore e rispetto. Il tecnico riserva una profonda <strong>stima<\/strong> per il club nerazzuro, con il quale ha collaborato nel biennio delle stagioni del 2019\/2020 e del 2020\/2021. Ecco le sue parole.<\/p>\n<p style=\"text-align: justify\"><strong>Quali sensazioni per il ritorno al San Siro contro I&#8217;Inter?<\/strong> &#8220;Fa un certo effetto tornare dove si \u00e8 lavorato duramente, \u00e8 un carico di emozioni, torni indietro nel tempo ed \u00e8 inevitabile che riaffiorino alla mente tanti episodi. Sicuramente \u00e8 un bell&#8217;effetto per me tornare dove ho lavorato. Sono stati due anni felici, dove al primo anno siamo arrivati secondi e abbiamo perso l&#8217;Europa League in finale, e al secondo anno abbiamo vinto lo scudetto. Una esperienza che porto dentro di me, come tutte le esperienze passate che ho sempre vissuto al massimo in tutto. Mi porto dietro un carico d&#8217;emozioni&#8221;.<\/p>\n<p style=\"text-align: justify\"><strong>Avranno qualche effetto le parole di De Laurentiis?<\/strong> &#8220;Non le ho lette, qualsiasi cosa dica io penso che un allenatore non debba commentarle ma solo ascoltarle e andare avanti. Non c&#8217;\u00e8 da commentare, l&#8217;ho visto la settimana scorsa e non mi ha detto niente. Non commenter\u00f2 mai ci\u00f2 che dice, il presidente \u00e8 a capo di tutto ed \u00e8 giusto che esprima il suo pensiero. L&#8217;allenatore non \u00e8 tenuto a commentare, \u00e8 al di sotto&#8221;.<\/p>\n<p style=\"text-align: justify\"><strong>Per quale club risulta pi\u00f9 importante questa partita?<\/strong> &#8220;Tre punti importanti per tutti, affrontiamo una squadra che oggi per ci\u00f2 che ha dimostrato in questi anni \u00e8 la squadra pi\u00f9 forte. Va dato merito al lavoro che hanno fatto benissimo, sono in una posizione pi\u00f9 alta rispetto a tutte le altre. Va dato merito, hanno fatto un grande lavoro dalla societ\u00e0 all&#8217;allenatore ai calciatori, sono cresciuti in maniera esponenziale. Ci sar\u00e0 da giocare una partita, non andiamo a San Siro per sventolare bandiera bianca, ma convinti di giocarcela. Non andiamo l\u00ec a lasciare i tre punti prima ancora di giocare. Sar\u00e0 un importante test, ci misureremo con la squadra migliore del campionato e sar\u00e0 importante per capire i progressi che stiamo facendo, ci arriviamo da primi in classifica e pu\u00f2 dire tutto o niente. Sicuramente l&#8217;obiettivo \u00e8 di rimanere in testa alla classifica alla fine della partita&#8221;.<\/p>\n<p style=\"text-align: justify\"><strong>Qualche preoccupazione per Lukaku?<\/strong> &#8220;Ogni santa conferenza c&#8217;\u00e8 sempre una domanda su di lui, diventa non fastidioso ma al tempo stesso parliamo della squadra. La crescita di Lukaku dipende dalla squadra, non solo da lui. Il singolo non \u00e8 mai cos\u00ec determinante per spostare dei valori, la squadra \u00e8 alla base di tutto ed il connubio di tante cose ci porta ad essere una squadra forte. Conta questo, altrimenti chiediamo sempre se uno non segna: \u00e8 la squadra che deve lavorare ed io da questo punto di vista sono fiducioso perch\u00e8 li vedo ogni giorno. Hanno voglia di lavorare, ci sono situazioni migliorabili. Ridurre tutto ad un singolo non \u00e8 giusto nei confronti degli altri, non solo del singolo&#8221;.<\/p>\n<p style=\"text-align: justify\"><strong>Su Lobotka<\/strong>: &#8220;Il suo valore lo conosciamo tutti, detto questo dobbiamo essere bravi a cercare di creare qualcosa che possa sopperire ad una singola assenza: Gilmour ha fatto molto bene in queste partite, non mi sentirete mai lamentarmi perch\u00e8 manca un giocatore: abbiamo una rosa ed abbiamo cercato di farla nei limiti del possibile per sopperire a qualche problema o infortunio. Ho fiducia nei calciatori. Lobotka ha ripreso a met\u00e0 settimana con noi, lo abbiamo gestito ma sta bene ed ha recuperato: \u00e8 a disposizione, che possa partire dal 1&#8242; oppure no \u00e8 da valutare&#8221;.<\/p>\n<p style=\"text-align: justify\"><strong>Che reazione ha avuto la squadra dopo la sconfitta contro l&#8217;Atalanta?<\/strong> &#8220;\u00c8 stata una settimana normale dal punto di vista del lavoro, in campo e in sala video. Analizziamo le vittorie e le sconfitte, inevitabile che ci siano cose da valutare, capire perch\u00e8 ci sia stato questo inciampo. La settimana \u00e8 stata tranquilla, abbiamo lavorato: i ragazzi hanno voglia di misurarsi e di migliorare, attraverso l&#8217;allenamento c&#8217;\u00e8 una fase di miglioramento e c&#8217;\u00e8 stata anche questa settimana&#8221;.<\/p>\n<p style=\"text-align: justify\"><strong>Cosa bisogna inventarsi per mettere in difficolt\u00e0 l&#8217;Inter?<\/strong> &#8220;Fare la partita, ma pensare di andare l\u00ec a fare da sparring partner e a prendere i cazzotti&#8230;non \u00e8 questa la nostra idea, nel percorso di crescita ci misuriamo con i valori reali, cercheremo di fare la partita su cui stiamo lavorando. Penso che sia l&#8217;aspetto pi\u00f9 giusto per continuare a crescere&#8221;.<\/p>\n<p style=\"text-align: justify\"><strong>Sulla fase offensiva<\/strong>: &#8220;C&#8217;\u00e8 da lavorare su tutto, ogni singolo giorno o settimana lavoriamo su ogni aspetto. Cercheremo di migliorare su ogni situazione, noi ricerchiamo l&#8217;eccellenza in assoluto&#8221;.<\/p>\n<p style=\"text-align: justify\"><strong>Sulla classifica<\/strong>: &#8220;Ci sono sei-sette squadre in pochi punti, \u00e8 la realt\u00e0 del campionato italiano&#8221;.<\/p>\n<p style=\"text-align: justify\"><strong>Cosa potr\u00e0 dare soddisfazione ad Antonio Conte domenica sera?<\/strong> &#8220;Contro l&#8217;Atalanta \u00e8 stata una partita equilibrata, loro sono stati pi\u00f9 bravi di noi a sfruttare le occasioni. lo mi aspetto una partita, giocarcela, essere pi\u00f9 qualitativi in fase offensiva e cercare di essere pi\u00f9 forti nei duelli. Abbiamo lavorato su questi due aspetti&#8221;.<\/p>\n<p style=\"text-align: justify\"><strong>Progressione della societ\u00e0 Napoli anche fuori dal campo?<\/strong> &#8220;Dobbiamo dare uno stop alla parola ricostruzione: noi quello che stiamo facendo \u00e8 un percorso che prevede diversi step, bisogna comunque dare tempo affinch\u00e8 questi step possano aiutare a raggiungere traguardi che uno si pone con l&#8217;ambizione di competere con le solite note. Sono tutte cose che valutiamo nel club e con il presidente, non \u00e8 che da oggi a domani il centro sportivo o lo stadio escono fuori. Ci vuole tempo, per\u00f2 mi accorgo che non vedo tutta questa pazienza da parte vostra di aspettare. II centro sportivo non posso mettermi a costruirlo io, ci vogliono tante cose che sono pi\u00f9 semplici a chiacchiere che a realizzarle. Sarebbe importante partire e sviluppare tutto, Napoli \u00e8 una piazza impaziente&#8221;.<\/p>\n<p style=\"text-align: justify\"><strong>Farebbe comodo un marcatore piccolo e brevilineo per i Lookman e i Lautaro?<\/strong> &#8220;Noi lavoriamo sempre di squadra difensivamente, non \u00e8 un discorso relativo al singolo. Importante \u00e8 lavorare di squadra, se si lascia isolato un calciatore che viene puntato uno contro uno, si mette in difficolt\u00e0 il tuo calciatore e metti l&#8217;avversario nelle condizioni di far male. Alla fine uno \u00e8 veloce, ma nell&#8217;uno contro uno se \u00e8 forte ti salta e devi cercare di limitare le situazioni isolate di uno contro uno&#8221;.<\/p>\n","protected":false},"excerpt":{"rendered":"<p>Mister Antonio Conte sa che la partita contro l&#8217;Inter vale pi\u00f9 di tre punti: equilibrio, onore e rispetto. Il tecnico riserva una profonda stima per il club nerazzuro, con il quale ha collaborato nel biennio delle stagioni del 2019\/2020 e del 2020\/2021. Ecco le sue parole. Quali sensazioni per il ritorno al San Siro contro<\/p>\n","protected":false},"author":8,"featured_media":7464,"comment_status":"open","ping_status":"open","sticky":false,"template":"","format":"standard","meta":{"pmpro_default_level":"","footnotes":""},"categories":[52],"tags":[1116,1117,1118,1119,1120,1121,66,1114,1115],"class_list":["post-4615","post","type-post","status-publish","format-standard","has-post-thumbnail","category-conferenza-stampa","tag-bigmatch","tag-calcioitaliano","tag-calcionapoli","tag-inter","tag-internapoli","tag-internazionale","tag-napoli","tag-napolicalcio","tag-seriea","pmpro-has-access"],"_links":{"self":[{"href":"https:\/\/www.timescampania.it\/napoli\/wp-json\/wp\/v2\/posts\/4615","targetHints":{"allow":["GET"]}}],"collection":[{"href":"https:\/\/www.timescampania.it\/napoli\/wp-json\/wp\/v2\/posts"}],"about":[{"href":"https:\/\/www.timescampania.it\/napoli\/wp-json\/wp\/v2\/types\/post"}],"author":[{"embeddable":true,"href":"https:\/\/www.timescampania.it\/napoli\/wp-json\/wp\/v2\/users\/8"}],"replies":[{"embeddable":true,"href":"https:\/\/www.timescampania.it\/napoli\/wp-json\/wp\/v2\/comments?post=4615"}],"version-history":[{"count":0,"href":"https:\/\/www.timescampania.it\/napoli\/wp-json\/wp\/v2\/posts\/4615\/revisions"}],"wp:featuredmedia":[{"embeddable":true,"href":"https:\/\/www.timescampania.it\/napoli\/wp-json\/wp\/v2\/media\/7464"}],"wp:attachment":[{"href":"https:\/\/www.timescampania.it\/napoli\/wp-json\/wp\/v2\/media?parent=4615"}],"wp:term":[{"taxonomy":"category","embeddable":true,"href":"https:\/\/www.timescampania.it\/napoli\/wp-json\/wp\/v2\/categories?post=4615"},{"taxonomy":"post_tag","embeddable":true,"href":"https:\/\/www.timescampania.it\/napoli\/wp-json\/wp\/v2\/tags?post=4615"}],"curies":[{"name":"wp","href":"https:\/\/api.w.org\/{rel}","templated":true}]}}