{"id":4639,"date":"2024-11-24T22:17:29","date_gmt":"2024-11-24T21:17:29","guid":{"rendered":"https:\/\/www.calcionapoli.online\/?p=4639"},"modified":"2024-11-24T22:17:29","modified_gmt":"2024-11-24T21:17:29","slug":"post-napoli-roma-dobbiamo-cercare-di-alzare-il-livello","status":"publish","type":"post","link":"https:\/\/www.timescampania.it\/napoli\/2024\/11\/24\/post-napoli-roma-dobbiamo-cercare-di-alzare-il-livello\/","title":{"rendered":"Post Napoli-Roma: &#8220;Dobbiamo cercare di alzare il livello&#8221;"},"content":{"rendered":"<p style=\"text-align: justify\">Una prima partita per <strong>Claudio Ranieri<\/strong> tanto bella quanto complicata da portare a casa contro il <strong>Napoli<\/strong> di <strong>Conte<\/strong>, che sembra <strong>convincere<\/strong> sempre pi\u00f9. Una partita di dettaglio ed attenzione finita sul punteggio di 1-0. In seguito sono riportare le parole del tecnico azzurro <strong>post gara<\/strong>.<\/p>\n<p style=\"text-align: justify\"><strong>A che punto siete nel percorso di crescita a livello di consapevolezza ritrovata?<\/strong>: &#8220;Prima della partita il messaggio che ho mandato alla squadra e che mando sempre \u00e8 quello di continuare a guardare a noi stessi, di non guardare agli altri. Dobbiamo fare corsa su noi stessi quindi dobbiamo abituarci ad avere dei paraocchi e guardare solo i nostri impegni, \u00e8 quello che ci aspetta. Ripeto, noi abbiamo un percorso da fare e quello che a me interessa \u00e8 vedere che in questo percorso step by step stiamo comunque crescendo. Dobbiamo crescere sotto tanti punti di vista. Ad Empoli avevo parlato che forse avevo sentito un po&#8217; la pressione e anche da questo punto di vista stiamo piano piano facendo degli step in avanti. A me la squadra oggi \u00e8 piaciuta perch\u00e8 fin dall&#8217;inizio ha preso il comando del gioco e per 70\/75 minuti abbiamo praticamente dominato la partita e creato tante occasioni per fare gol. Dobbiamo essere pi\u00f9 cattivi, pi\u00f9 cinici perch\u00e8 abbiamo avuto delle opportunit\u00e0 per sbloccare la partita contro una squadra che non sta facendo bene, ma c&#8217;\u00e8 una base importante perch\u00e8 l&#8217;anno scorso sono arrivati in Europa League, hanno fatto un ottimo mercato a mio avviso. Chi ha giocato e chi c&#8217;era in panchina fa capire di che spessore \u00e8 la Roma. Mi auguro che Claudio nella prossima partita contro il Napoli possa trovare il rimedio e portare la Roma dove merita. Noi magari se riusciamo a gestire meglio gli ultimi 15 minuti dove abbiamo iniziato ad avere un po&#8217; di patema d&#8217;animo perch\u00e8 volevamo portare a casa la vittoria, certo abbiamo concesso una sola occasione alla Roma su punizione ma son contento della prestazione al di l\u00e0 del risultato.&#8221;<\/p>\n<p style=\"text-align: justify\"><strong>Su Lukaku e sulla fase offensiva<\/strong>: &#8220;Parto dal presupposto che l&#8217;importante \u00e8 creare delle situazioni ed oggi le abbiamo create, poi dobbiamo andare con pi\u00f9 convinzione, con pi\u00f9 cattiveria e con pi\u00f9 voglia di dire <em>spacco la porta<\/em>. Il fatto che abbia fatto gol Romelu son contento ma soprattutto per i 3 punti. Son contento per lui perch\u00e8 \u00e8 un ragazzo buono, fin troppo buono quindi secondo me sente grande responsabilit\u00e0 nei confronti del Napoli, dei tifosi del Napoli e penso anche nei confronti miei. Lui si deve prendere la sua parte di responsabilit\u00e0, deve fare Lukaku e basta. Le altre responsabilit\u00e0 me le prendo io quindi son contento che oggi abbia fatto gol e spero che questo lo deresponsabilizzi un po&#8217; e torni l&#8217;autostima, la fiducia perch\u00e8 noi abbiamo bisogno di lui. Detto questo sono anche contento dell&#8217;apporto che ha dato Giovanni Simeone quando \u00e8 entrato cos\u00ec come anche Pasquale Mazzocchi, Folorunsho, Neres che \u00e8 entrato bello vivo a dimostrazione che siamo tutti importanti e dobbiamo essere tutti pronti.&#8221;<\/p>\n<p style=\"text-align: justify\"><strong>Pressione da primo posto?<\/strong>: &#8220;Penso che alla fine la pressione l&#8217;avremmo dovuta sentire fin dal primo minuto perch\u00e8 ho detto <em>ragazzi non guardiamo gli altri, non guardiamo la classifica e pensiamo a noi stessi, ogni partita deve essere uno stimolo a migliorare ed il risultato deve essere una conseguenza del miglioramento, non deve essere assolutamente risultato e fare dei passi indietro da un punto di vista del gioco, della prestazione, della mentalit\u00e0<\/em>. Sicuramente alla fine un pochettino di ansia \u00e8 venuta anche perch\u00e8 ci hanno fatto spaventato con una punizione dove abbiamo concesso l&#8217;unica palla gol. Poi noi ne abbiamo avute 2: una con Folorunsho e una con Neres. Quello che conta \u00e8 che dobbiamo pensare con un&#8217;unica testa e non con tante teste, che il bene del Napoli viene prima di tutto, su tutto e su tutti. Trovo dei ragazzi molto ricettivi con voglia di crescere e passare delle serate come stasera. Per noi \u00e8 un&#8217;ottima vittoria, sono 3 punti che incameriamo e che ci fanno passare una bella settimana.&#8221;<\/p>\n<p style=\"text-align: justify\"><strong>Quanto \u00e8 importante stare al primo posto in classifica?<\/strong>: &#8220;E&#8217; importante. La classifica testimonia che stiamo facendo bene. Sono 5 mesi in cui abbiamo intrapreso un nuovo percorso con un nuovo allenatore. Prima della partita eran davanti a noi una squadra che l&#8217;anno scorso ha vinto il campionato a mani basse e l&#8217;altra che ha vinto l&#8217;Europa League contro un Bayer Leverkusen campione di Germania. Due squadre che da tanti anni lavorano con lo stesso allenatore, due squadre strutturate che cercano sempre di migliorarsi. C&#8217;\u00e8 il tempo a favore loro in questo momento. Noi guardiamo molto a noi stessi, possiamo crescere e c&#8217;\u00e8 solo un modo per farlo ed \u00e8 come stanno facendo i ragazzi: in maniera seria. Tutti quanti dobbiamo andare nella stessa direzione.&#8221;<\/p>\n","protected":false},"excerpt":{"rendered":"<p>Una prima partita per Claudio Ranieri tanto bella quanto complicata da portare a casa contro il Napoli di Conte, che sembra convincere sempre pi\u00f9. Una partita di dettaglio ed attenzione finita sul punteggio di 1-0. In seguito sono riportare le parole del tecnico azzurro post gara. A che punto siete nel percorso di crescita a<\/p>\n","protected":false},"author":8,"featured_media":7464,"comment_status":"open","ping_status":"open","sticky":false,"template":"","format":"standard","meta":{"pmpro_default_level":"","footnotes":""},"categories":[52],"tags":[1128,1129,969,1117,1118,1123,1130,53,1131,1132,66,1114,1125,1133,1134,844,1115,1135],"class_list":["post-4639","post","type-post","status-publish","format-standard","has-post-thumbnail","category-conferenza-stampa","tag-antonio-conte","tag-azzurri","tag-calcio","tag-calcioitaliano","tag-calcionapoli","tag-campionatoitaliano","tag-claudio-ranieri","tag-conferenzastampa","tag-giallorossi","tag-lukaku","tag-napoli","tag-napolicalcio","tag-napoliroma","tag-partenopei","tag-postpartita","tag-roma","tag-seriea","tag-sfida","pmpro-has-access"],"_links":{"self":[{"href":"https:\/\/www.timescampania.it\/napoli\/wp-json\/wp\/v2\/posts\/4639","targetHints":{"allow":["GET"]}}],"collection":[{"href":"https:\/\/www.timescampania.it\/napoli\/wp-json\/wp\/v2\/posts"}],"about":[{"href":"https:\/\/www.timescampania.it\/napoli\/wp-json\/wp\/v2\/types\/post"}],"author":[{"embeddable":true,"href":"https:\/\/www.timescampania.it\/napoli\/wp-json\/wp\/v2\/users\/8"}],"replies":[{"embeddable":true,"href":"https:\/\/www.timescampania.it\/napoli\/wp-json\/wp\/v2\/comments?post=4639"}],"version-history":[{"count":0,"href":"https:\/\/www.timescampania.it\/napoli\/wp-json\/wp\/v2\/posts\/4639\/revisions"}],"wp:featuredmedia":[{"embeddable":true,"href":"https:\/\/www.timescampania.it\/napoli\/wp-json\/wp\/v2\/media\/7464"}],"wp:attachment":[{"href":"https:\/\/www.timescampania.it\/napoli\/wp-json\/wp\/v2\/media?parent=4639"}],"wp:term":[{"taxonomy":"category","embeddable":true,"href":"https:\/\/www.timescampania.it\/napoli\/wp-json\/wp\/v2\/categories?post=4639"},{"taxonomy":"post_tag","embeddable":true,"href":"https:\/\/www.timescampania.it\/napoli\/wp-json\/wp\/v2\/tags?post=4639"}],"curies":[{"name":"wp","href":"https:\/\/api.w.org\/{rel}","templated":true}]}}