{"id":4663,"date":"2024-12-01T18:57:16","date_gmt":"2024-12-01T17:57:16","guid":{"rendered":"https:\/\/www.calcionapoli.online\/?p=4663"},"modified":"2024-12-01T18:57:16","modified_gmt":"2024-12-01T17:57:16","slug":"post-torino-napoli-conte-partita-tanto-temuta-risposta-matura","status":"publish","type":"post","link":"https:\/\/www.timescampania.it\/napoli\/2024\/12\/01\/post-torino-napoli-conte-partita-tanto-temuta-risposta-matura\/","title":{"rendered":"Post Torino-Napoli, Conte: &#8220;Partita tanto temuta. Risposta matura&#8221;"},"content":{"rendered":"<p style=\"text-align: justify\">Ancora una volta un <strong>risultato<\/strong> <strong>utile<\/strong> per i <strong>partenopei<\/strong>, che confermano nuovamente la vetta in <strong>classifica<\/strong>. <strong>Antonio<\/strong> <strong>Conte<\/strong> interviene in <strong>Conferenza<\/strong> <strong>Stampa<\/strong>. Ecco le parole del mister.<\/p>\n<p style=\"text-align: justify\"><strong>Questa \u00e8 La Partita che segna la maturit\u00e0 della squadra?<\/strong><\/p>\n<p style=\"text-align: justify\">&#8220;Abbiamo lavorato molto. Vi dico sempre che ho un gruppo di ragazzi che recepisce molto. Questo \u00e8 l&#8217;aspetto che pi\u00f9 mi piace al di l\u00e0 del risultato e della classifica. La crescita nostra avverr\u00e0 con la crescita dei singoli e questo sta avvenendo. Oggi un grande Milinkovic-Savic ha lasciato la partita sull&#8217;1-0. Sapete benissimo che quando c&#8217;\u00e8 una partita sull&#8217;1-0 non sono tranquillo perch\u00e8 un calcio d&#8217;angolo, una punizione, una spizzicata o un rimpallo e poi pareggi una partita che avresti meritato di vincere contro un&#8217;ottima squadra. Temevo tanto questa partita, l&#8217;avevo detto ai ragazzi. Anche Alessandro Buongiorno aveva parlato dell&#8217;ambiente granata, della passione che c&#8217;\u00e8. E&#8217; la citt\u00e0 in cui vivo e l&#8217;anno scorso le ho viste tutte del Torino. Abbiamo messo in guardia i ragazzi e c&#8217;\u00e8 stata una buona risposta da parte dei ragazzi, una risposta matura. Hanno voglia di fare, hanno voglia di migliorare e questo \u00e8 il passaggio importante che ci portiamo da questa partita al di l\u00e0 dei tre punti e del posto in classifica.&#8221;<\/p>\n<p style=\"text-align: justify\"><strong>McTominay \u00e8 la sintesi dell&#8217;identit\u00e0 del Napoli?<\/strong><\/p>\n<p style=\"text-align: justify\">&#8220;Ci\u00f2 che a me piace e che in passato ha portato ad avere dei risultati finali \u00e8 sicuramente squadre che dimostrano di essere squadre. Quando noi andiamo ad analizzare la partita avversaria capiamo che tipo di avversario andiamo a trovare di fronte. Spesso quando trovi una squadra sai che sar\u00e0 dura la partita. Noi stiamo lavorando per diventare una squadra tosta sotto tutti i punti di vista. Questa \u00e8 un squadra che gioca a calcio, altrimenti lo vedo solo io. Spesso ci si rifugia dietro il discorso del risultato dell&#8217;1-0 e dicono: <em>eh ma da un punto di vista offensivo<\/em>. Da un punto di vista offensivo noi sviluppiamo, creiamo. Continuiamo a lavorare e vedere la crescita di questi ragazzi \u00e8 la cosa che mi rende orgoglioso. Stiamo facendo degli step in avanti e non dobbiamo tornare indietro. Scott \u00e8 un ragazzo che nello United non era protagonista. Io lo conoscevo bene avendo frequentato la Premier League e stiamo parlando di un ragazzo che qualit\u00e0. Noi siamo stati bravi e anche un po&#8217; fortunati perch\u00e8 lui ha accettato di venire in una situazione dove non si giocava in Europa, dopo un decimo posto magari vedendo Napoli come un declassamento. Invece come ha fatto lui e come Gilmour e anche David che sono ragazzi che sono venuti a Napoli per essere protagonisti ed io sono convinto che il tempo dar\u00e0 ragione a tutti.&#8221;<\/p>\n<p style=\"text-align: justify\"><strong>Possibilit\u00e0 per qualcuno di giocare maggiormente nell&#8217;impegno settimanale imminente?<\/strong><\/p>\n<p style=\"text-align: justify\">&#8220;Sicuramente. Quando vedi un gruppo di ragazzi di 20 calciatori ti danno quello che ti danno e sono dei soldati, meriterebbero di pi\u00f9 a livello di spazio e di possibilit\u00e0. Noi non facendo le coppe quest&#8217;anno non ci sono tante possibilit\u00e0, poi c&#8217;\u00e8 la Coppa Italia. Non significa che noi snobberemo la Coppa Italia perch\u00e8 abbiamo iniziato questo percorso e sono tranquillo e sereno di poter schierare i calciatori. L&#8217;ho fatto in precedenza con il Palermo, lo far\u00f2 anche gioved\u00ec con l&#8217;obiettivo di passare il turno. Al tempo stesso \u00e8 il minimo per me anche per una valutazione personale per capire i miglioramenti che stiamo facendo tutti e non sono quei 11, 13, 14 che magari chi gioca sempre o chi subentra.&#8221;<\/p>\n<p style=\"text-align: justify\"><strong>E&#8217; ancora una follia parlare di primo posto per questo Napoli?<\/strong><\/p>\n<p style=\"text-align: justify\">&#8220;Oggi era la quattordicesima partita che giocavamo. Vedendo un po&#8217; le altre squadre come si sono attrezzate e le rose che hanno messo a disposizione se noi l&#8217;anno prossimo dovessimo essere bravi a entrare noi in Europa questa rosa la devi rinforzare, seriamente. Lo deve sapere il Presidente. Oggi noi abbiamo 20\/21 giocatori di movimento e abbiamo fatto quello che deve fare una squadra che partecipa solamente al campionato e in pi\u00f9 c&#8217;\u00e8 la Coppa Italia. Noi dobbiamo continuare a lavorare ed \u00e8 un motivo di soddisfazione perch\u00e8 \u00e8 un po&#8217; che noi siamo l\u00ec e quindi stiamo anche reggendo quella pressione che \u00e8 importante nella crescita. Al di l\u00e0 della classifica io vedo un gruppo che nei singoli sta crescendo in maniera individuale e dunque c&#8217;\u00e8 una crescita collettiva a livello di squadra. Ci siamo allenati negli ultimi 15 giorni sull&#8217;attacco, attaccando in maniera pi\u00f9 cattiva ed oggi l&#8217;abbiam fatto in maniera anche importante. Quello che io chiedo mi viene subito non dato ma comunque ci si lavora affinch\u00e8 io sia contento. Io non sono mai contento (ride) e loro lo sanno. Volevo spendere due parole per il Torino e per Paolo: \u00e8 un&#8217;ottima squadra allenata da un allenatore molto bravo come Paolo, grande lavoratore, e quindi auguro sempre il bene.&#8221;<\/p>\n<p style=\"text-align: justify\"><strong>Kvara \u00e8 stato abbastanza decisivo nella prestazione di oggi?<\/strong><\/p>\n<p style=\"text-align: justify\">&#8220;Kvara secondo me ha fatto un&#8217;ottima prestazione. Mi \u00e8 piaciuto anche vederlo attaccare l&#8217;area e c&#8217;\u00e8 stato ancora un intervento di Milinkovic, come l&#8217;aveva attaccata anche con la Roma a testimonianza che quel che stiamo facendo pu\u00f2 produrre dei risultati importanti. Se lavoriamo e facciamo le cose nella giusta maniera possiamo dare fastidio.&#8221;<\/p>\n","protected":false},"excerpt":{"rendered":"<p>Ancora una volta un risultato utile per i partenopei, che confermano nuovamente la vetta in classifica. Antonio Conte interviene in Conferenza Stampa. Ecco le parole del mister. Questa \u00e8 La Partita che segna la maturit\u00e0 della squadra? &#8220;Abbiamo lavorato molto. Vi dico sempre che ho un gruppo di ragazzi che recepisce molto. Questo \u00e8 l&#8217;aspetto<\/p>\n","protected":false},"author":8,"featured_media":4559,"comment_status":"open","ping_status":"open","sticky":false,"template":"","format":"standard","meta":{"pmpro_default_level":"","footnotes":""},"categories":[52],"tags":[1122,1117,1118,1136,53,1124,66,1114,1134,1115,57,1140,1141],"class_list":["post-4663","post","type-post","status-publish","format-standard","has-post-thumbnail","category-conferenza-stampa","tag-antonioconte","tag-calcioitaliano","tag-calcionapoli","tag-campionato","tag-conferenzastampa","tag-dichiarazioniconte","tag-napoli","tag-napolicalcio","tag-postpartita","tag-seriea","tag-sscnapoli","tag-torino","tag-torinonapoli","pmpro-has-access"],"_links":{"self":[{"href":"https:\/\/www.timescampania.it\/napoli\/wp-json\/wp\/v2\/posts\/4663","targetHints":{"allow":["GET"]}}],"collection":[{"href":"https:\/\/www.timescampania.it\/napoli\/wp-json\/wp\/v2\/posts"}],"about":[{"href":"https:\/\/www.timescampania.it\/napoli\/wp-json\/wp\/v2\/types\/post"}],"author":[{"embeddable":true,"href":"https:\/\/www.timescampania.it\/napoli\/wp-json\/wp\/v2\/users\/8"}],"replies":[{"embeddable":true,"href":"https:\/\/www.timescampania.it\/napoli\/wp-json\/wp\/v2\/comments?post=4663"}],"version-history":[{"count":0,"href":"https:\/\/www.timescampania.it\/napoli\/wp-json\/wp\/v2\/posts\/4663\/revisions"}],"wp:featuredmedia":[{"embeddable":true,"href":"https:\/\/www.timescampania.it\/napoli\/wp-json\/wp\/v2\/media\/4559"}],"wp:attachment":[{"href":"https:\/\/www.timescampania.it\/napoli\/wp-json\/wp\/v2\/media?parent=4663"}],"wp:term":[{"taxonomy":"category","embeddable":true,"href":"https:\/\/www.timescampania.it\/napoli\/wp-json\/wp\/v2\/categories?post=4663"},{"taxonomy":"post_tag","embeddable":true,"href":"https:\/\/www.timescampania.it\/napoli\/wp-json\/wp\/v2\/tags?post=4663"}],"curies":[{"name":"wp","href":"https:\/\/api.w.org\/{rel}","templated":true}]}}