{"id":4884,"date":"2025-02-14T15:24:38","date_gmt":"2025-02-14T14:24:38","guid":{"rendered":"https:\/\/www.calcionapoli.online\/?p=4884"},"modified":"2025-02-14T15:24:38","modified_gmt":"2025-02-14T14:24:38","slug":"napoli-conte-buongiorno-e-pronto-grande-lavoro-finora","status":"publish","type":"post","link":"https:\/\/www.timescampania.it\/napoli\/2025\/02\/14\/napoli-conte-buongiorno-e-pronto-grande-lavoro-finora\/","title":{"rendered":"Napoli, Conte: &#8220;Buongiorno \u00e8 pronto. Grande lavoro finora&#8221;"},"content":{"rendered":"<p style=\"text-align: justify\">Grande sfida per <strong>Antonio Conte<\/strong> che si ritrova a dover affrontare una partita <strong>impegnativa<\/strong> contro la <strong>Lazio<\/strong> con <strong>assenze<\/strong> importanti. Ecco le <strong>dichiarazioni<\/strong> del <strong>tecnico<\/strong> del <strong>Napoli<\/strong>.<\/p>\n<p style=\"text-align: justify\"><strong>Conta pi\u00f9 la sensazione psicologica legata alla classifica o alla mancanza di certezze per il numero di infortunati?<\/strong><\/p>\n<p style=\"text-align: justify\">&#8220;Conta tanto il lavoro fatto finora, \u00e8 la cosa che veramente conta perch\u00e9 hai un gruppo di calciatori e di ragazzi che hanno sposato fin da subito il verbo lavorare, e ci porta oggi ad avere una classifica bellissima, nonostante ci siano stati o ci saranno in futuro delle situazioni in cui dovremo sopperire. Lo abbiamo fatto anche in passato, troveremo una soluzione alle difficolt\u00e0 e cercheremo di bypassarle. Cerco di farlo capire ai ragazzi, e andiamo avanti forti del lavoro fatto in questi mesi. Abbiamo fatto un grandissimo lavoro, nonostante alcune difficolt\u00e0 ed il fatto che abbia dovuto cambiare tre sistemi di gioco, dovuto a difficolt\u00e0 di percorso sin dall&#8217;estate fino ad ora. Il merito \u00e8 tutto dei calciatori, sono delle spugne e posso cosi proporre determinati cambiamenti nelle difficolt\u00e0.&#8221;<\/p>\n<p style=\"text-align: justify\"><strong>Sul cambio modulo:<\/strong><\/p>\n<p style=\"text-align: justify\">&#8220;Ci sono delle situazioni che non possiamo far finta di non vedere, ci sono infortuni ed \u00e8 inevitabile che quando colpiscono certe zone o particolari ruoli, devi trovare una soluzione sfruttando al massimo le qualit\u00e0 dei calciatori che abbiamo in rosa. Non chieder\u00f2 mai ad un calciatore di fare qualcosa che non fa da tanto tempo, cercheremo l&#8217;abito giusto. Ci saranno opportunit\u00e0 anche per chi fino ad adesso non ha avuto grandissime soddisfazioni ma ha contribuito in maniera importante. Cercheremo la soluzione migliore, non snaturando le caratteristiche dei calciatori ma esaltandoli cos\u00ec da avere un grande aiuto per tutta la squadra.&#8221;<\/p>\n<p style=\"text-align: justify\"><strong>Opportunit\u00e0 per Raspadori? <\/strong><\/p>\n<p style=\"text-align: justify\">&#8220;Durante l&#8217;anno ci sono alcuni calciatori che hanno pi\u00f9 possibilit\u00e0, senza le coppe non c&#8217;era possibilit\u00e0 di dare grande minutaggio e spesso ho confermato lo stesso 11 quando le cose andavano bene, cercando la giusta soluzione in caso di infortuni o cessioni di mercato. lo dico che \u00e8 un grande opportunit\u00e0 per tutti quanti, credo nei calciatori che ho in rosa e hanno la mia massima fiducia: non devono demoralizzarsi se il giorno dopo c&#8217;\u00e8 un voto cattivo sui quotidiani, conta ci\u00f2 che penso io e loro hanno tutti la mia grandissima fiducia. So che possono darmi tanto, se toccher\u00e0 a Raspadori far\u00e0 del suo meglio.&#8221;<\/p>\n<p style=\"text-align: justify\"><strong>Raspadori con Lukaku? Mercato? <\/strong><\/p>\n<p style=\"text-align: justify\">&#8220;Il campionato lo devi finire. Va bene tutto, io mi sono espresso nei suoi confronti anche molto tempo prima del mercato, i calciatori bravi possibilmente provo a tenerli, poi ci sono cause di forza maggiore che portano al contrario. Sapete la mia stima, il calciatore sa cosa penso di lui e Jack \u00e8 sempre stato serio ed applicato, quando chiamato in causa ha fatto il suo dovere, in altre situazioni chi \u00e8 subentrato ha fatto benissimo, uno su tutti ricordo le perplessit\u00e0 su Juan Jesus. Sembrava stessi facendo giocare l&#8217;ultimo giocatore d&#8217;Italia, invece chi \u00e8 allenato bene ed istruito bene poi cerchi di esaltarlo. Il nostro compito \u00e8 esaltare caratteristiche di chi gioca, dicendogli cosa fare.&#8221;<\/p>\n<p style=\"text-align: justify\"><strong>Sul VAR:<\/strong><\/p>\n<p style=\"text-align: justify\">&#8220;Ho gi\u00e0 detto cosa dovevo dire, e sono stato attaccato duramente. Fui il primo, qualche allenatore si \u00e8 tirato fuori e poi si \u00e8 lamentato del VAR: forse ero giusto io a dire &#8216;noi&#8217; allenatori. Sarebbe stupido entrare di nuovo nella discussione, mi fa sorridere che tanti poi siano venuti sulla mia linea quando sono stati toccati personalmente. Anche alcuni media si sono schierati, quando l&#8217;ho fatto io non ho visto tutta questa solidariet\u00e0. Fa capire la discrepanza quando uno \u00e8 a Napoli o no.&#8221;<\/p>\n<p style=\"text-align: justify\"><strong>Lazio insidiosa? <\/strong><\/p>\n<p style=\"text-align: justify\">&#8220;Ci ha battuto una squadra forte, la classifica lo conferma. Essere passati in Europa League nelle prime 8 lo conferma, lo dissi quando l&#8217;affrontammo. Una rosa forte, costruita bene, conferma quanto fatto contro di noi. Domani per\u00f2 \u00e8 un&#8217;altra partita, la affrontiamo con le nostre armi ed i nostri messi, l&#8217;abbiamo preparata nella giusta maniera. Abbia fiducia nei nostri mezzi. Ma lo abbiamo fatto anche con altre squadre, e lo faremo domani.&#8221;<\/p>\n<p style=\"text-align: justify\"><strong>Sulle critiche:<\/strong><\/p>\n<p style=\"text-align: justify\">&#8220;In tempi non sospetti ho parlato di compattezza dell&#8217;ambiente, mi dispiace che le cose che dico vengano cancellate e poi me lo richiedete. Ho gi\u00e0 risposto a determinate situazioni, bisogna fare attenzione perch\u00e9 cercate un altro titolo. In conferenza do sempre degli input, dico cose che poi mi dispiace vedere non venir colte o capite, o si fa finta di non capirle. Mi dispiace che dopo mesi ancora non sia cambiato niente, \u00e8 com&#8217;era prima l&#8217;ambiente questo \u00e8, o ti mangi la minestra o la butti dalla finestra. Gi\u00e0 dobbiamo fare la guerra con altri. Sul VAR parlai dopo Inter-Juventus, oggi me lo richiedete: mica sono scemo che cambio idea. Sul discorso ambientale tre mesi fa mi sono espresso, e ora con la classifica migliore mi chiedete questo. C&#8217;\u00e8 qualcosa che non va.&#8221;<\/p>\n<p style=\"text-align: justify\"><strong>Sul divieto ai tifosi napoletani:<\/strong><\/p>\n<p style=\"text-align: justify\">&#8220;Assurdo, capisco ci siano delle regole ma vietare otto trasferte consecutive solo ai tifosi del Napoli \u00e8 assurdo e forse, unico in Italia. lo chiedo sempre equit\u00e0 di valutazioni, di provvedimenti, altrimenti si danno gli schiaffi a uno quando li possono meritare altri. Gli schiaffi vanno dati a tutti, non solo a chi ha la nomea di essere discolo. Assurdo andare in trasferta senza avere i nostri tifosi residenti a Napoli, grazie a Dio i tifosi ci seguono anche se non residenti qui, e ci danno grande passione. Abbiamo un popolo che \u00e8 dappertutto e ci fa sentire la sua vicinanza. Ma trovo assurdo il divieto, chiedo equit\u00e0 e uniformit\u00e0, e non colpire sempre gli stessi.&#8221;<\/p>\n<p style=\"text-align: justify\">&#8220;La barca \u00e8 navigazione, siamo in alto mare e puoi beccare mare calmo e tempesta: serve avere la mente fredda e saper comandare la nave nella direzione giusta. La nave \u00e8 in viaggio, noi ora dobbiamo vedere il porto dove attraccare sani e salvi, e possibilmente con quello che ci saremmo meritati di raggiungere. Importante \u00e8 arrivare al porto, poi si scende e si respira e si capisce cosa si \u00e8 fatto durante il viaggio e se ci sono cose da migliorare con un esame approfondito. lo da comandante devo dare la rotta sempre giusta, nella tempesta e nel mare calmo per andare fino in fondo. C&#8217;\u00e8 attaccamento e senso di appartenenza . Quando sento attacchi li reputo ingiusti e disonesti.&#8221;<\/p>\n<p style=\"text-align: justify\">&#8220;La Lazio \u00e8 una squadra forte, cos\u00ec come l&#8217;abbiamo affrontata in campionato e coppa. Ha mantenuto lo standard, giocheremo su un campo difficile per tanti aspetti, ma noi abbiamo dimostrato di essere tosti in tante situazioni. Alla fine chi ci ha affrontato ha sempre capito che la squadra \u00e8 tosta e pronta a tutto, sar\u00e0 cos\u00ec anche domani.&#8221;<\/p>\n<p style=\"text-align: justify\"><strong>Su Buongiorno:<\/strong><\/p>\n<p style=\"text-align: justify\">&#8220;Gioca.&#8221;<\/p>\n","protected":false},"excerpt":{"rendered":"<p>Grande sfida per Antonio Conte che si ritrova a dover affrontare una partita impegnativa contro la Lazio con assenze importanti. Ecco le dichiarazioni del tecnico del Napoli. Conta pi\u00f9 la sensazione psicologica legata alla classifica o alla mancanza di certezze per il numero di infortunati? &#8220;Conta tanto il lavoro fatto finora, \u00e8 la cosa che<\/p>\n","protected":false},"author":8,"featured_media":4744,"comment_status":"open","ping_status":"open","sticky":false,"template":"","format":"standard","meta":{"pmpro_default_level":"","footnotes":""},"categories":[52],"tags":[1122,1118,1123,53,54,1143,1196,66,1115],"class_list":["post-4884","post","type-post","status-publish","format-standard","has-post-thumbnail","category-conferenza-stampa","tag-antonioconte","tag-calcionapoli","tag-campionatoitaliano","tag-conferenzastampa","tag-dichiarazioniufficiali","tag-lazio","tag-legaseriea","tag-napoli","tag-seriea","pmpro-has-access"],"_links":{"self":[{"href":"https:\/\/www.timescampania.it\/napoli\/wp-json\/wp\/v2\/posts\/4884","targetHints":{"allow":["GET"]}}],"collection":[{"href":"https:\/\/www.timescampania.it\/napoli\/wp-json\/wp\/v2\/posts"}],"about":[{"href":"https:\/\/www.timescampania.it\/napoli\/wp-json\/wp\/v2\/types\/post"}],"author":[{"embeddable":true,"href":"https:\/\/www.timescampania.it\/napoli\/wp-json\/wp\/v2\/users\/8"}],"replies":[{"embeddable":true,"href":"https:\/\/www.timescampania.it\/napoli\/wp-json\/wp\/v2\/comments?post=4884"}],"version-history":[{"count":0,"href":"https:\/\/www.timescampania.it\/napoli\/wp-json\/wp\/v2\/posts\/4884\/revisions"}],"wp:featuredmedia":[{"embeddable":true,"href":"https:\/\/www.timescampania.it\/napoli\/wp-json\/wp\/v2\/media\/4744"}],"wp:attachment":[{"href":"https:\/\/www.timescampania.it\/napoli\/wp-json\/wp\/v2\/media?parent=4884"}],"wp:term":[{"taxonomy":"category","embeddable":true,"href":"https:\/\/www.timescampania.it\/napoli\/wp-json\/wp\/v2\/categories?post=4884"},{"taxonomy":"post_tag","embeddable":true,"href":"https:\/\/www.timescampania.it\/napoli\/wp-json\/wp\/v2\/tags?post=4884"}],"curies":[{"name":"wp","href":"https:\/\/api.w.org\/{rel}","templated":true}]}}