{"id":4979,"date":"2025-03-16T15:24:36","date_gmt":"2025-03-16T14:24:36","guid":{"rendered":"https:\/\/www.calcionapoli.online\/?p=4979"},"modified":"2025-03-16T15:24:36","modified_gmt":"2025-03-16T14:24:36","slug":"antonio-conte-un-pareggio-che-va-stretto-continuiamo-a-dare-fastidio","status":"publish","type":"post","link":"https:\/\/www.timescampania.it\/napoli\/2025\/03\/16\/antonio-conte-un-pareggio-che-va-stretto-continuiamo-a-dare-fastidio\/","title":{"rendered":"Antonio Conte: &#8220;Un pareggio che va stretto. Continuiamo a dare fastidio!&#8221;"},"content":{"rendered":"<p style=\"text-align: justify\">Una sconfitta pi\u00f9 che un pareggio per il <strong>Napoli<\/strong>, 0-0 nella citt\u00e0 delle <strong>gondole<\/strong>: altri due <strong>punti<\/strong> volati via. Qui le parole di <strong>Antonio Conte<\/strong> in <strong>conferenza stampa<\/strong>.<\/p>\n<p style=\"text-align: justify\"><strong>Si aspettava un altro approccio nel secondo tempo? <\/strong><\/p>\n<p style=\"text-align: justify\">&#8220;Inevitabile pensare che queste siano partite dove se fai gol fatichi ma puoi portarla a casa, se non lo fai diventa problematico. E&#8217; una trasferta un po&#8217; difficile sotto tanti aspetti, ma devi portarle a casa. Le situazioni le abbiamo create e le dobbiamo ottimizzare, non era semplice perch\u00e9 hanno improntato tutto sulle seconde palle, abbiamo concesso qualcosa su alcuni nostri errori. Sono contento della prestazione, volevamo vincerla. Non abbiamo preso gol dopo otto giornate, c&#8217;\u00e8 l&#8217;aspetto positivo di aver creato ma negativamente non abbiamo concretizzato. Mi ha dato fastidio \u00e8 ci\u00f2 che \u00e8 accaduto alla fine, preso un contropiede che non deve mai accadere. In un processo di crescita non deve mai essere staccato il cervello, l&#8217;abbiamo fatto ed abbiamo rischiato di prendere gol. Non lo accetto, i miei calciatori devono dare il 110% e restare attaccati fino alla fine, solo cos\u00ec cresci con una mentalit\u00e0 vincente. Altrimenti accade di tutto con l&#8217;instabilit\u00e0 mentale&#8221;.<\/p>\n<p style=\"text-align: justify\">&#8220;La pausa arriva e ce la prendiamo, rimangono 10-11 giocatori quindi mezza squadra: la sfrutteremo per continuare a lavorare, chi \u00e8 arrivato a gennaio proveremo ad organizzare amichevoli per farli entrare nel contesto di condizione. Non cambia tanto, nella pausa completeremo il recupero di Neres e dobbiamo sperare che chi va in nazionale torni sano e salvo. Non sono deluso l&#8217;approccio oggi mi \u00e8 piaciuto. Eravamo una squadra tosta che voleva vincere, a volte riesci a volte no. A parte l&#8217;ultima parentesi, ma gi\u00e0 l&#8217;ho spiegato bene che dobbiamo rimanere attaccati col cervello. La prossima volta potremmo pagare stacchi mentali e io non voglio, non voglio vederli&#8221;.<\/p>\n<p style=\"text-align: justify\"><strong>Occasione sfumata? <\/strong><\/p>\n<p style=\"text-align: justify\">&#8220;Partiamo dal presupposto che non guardiamo gli altri, un pareggio \u00e8 una mezza sconfitta. Poi ci sono pareggi che vanno stretti, come quello di oggi. Il Venezia ha quella classifica ma con fisicit\u00e0 ed organizzazione meriterebbe qualcosa di diverso. Ne prendiamo atto, l&#8217;obiettivo nostro \u00e8 performare e fare la prestazione in ogni partita. L&#8217;abbiamo fatto, dobbiamo essere pi\u00f9 realizzativi sotto porta, essere pi\u00f9 incisivi. Vince chi fa gol. Non hanno pareggiato a caso con Atalanta e Lazio, mancano nove partite in cui cercheremo di dare fastidio fino alla fine. Cerchiamo di recuperare tutti per mettere in campo la squadra migliore, non c&#8217;\u00e8 il posto fisso e ho avuto l&#8217;opportunit\u00e0 di valorizzare risorse da sfruttare. Andremo avanti fino alla fine lottando col coltello tra i denti, dando fastidio a tutti&#8221;.<\/p>\n<p style=\"text-align: justify\"><strong>Su Rrahmani:<\/strong><\/p>\n<p style=\"text-align: justify\">&#8220;Mi ha detto che si \u00e8 sentito affaticato, potrebbe essere anche una contrattura. Lo valuteremo in chiave nazionale&#8221;.<\/p>\n","protected":false},"excerpt":{"rendered":"<p>Una sconfitta pi\u00f9 che un pareggio per il Napoli, 0-0 nella citt\u00e0 delle gondole: altri due punti volati via. Qui le parole di Antonio Conte in conferenza stampa. Si aspettava un altro approccio nel secondo tempo? &#8220;Inevitabile pensare che queste siano partite dove se fai gol fatichi ma puoi portarla a casa, se non lo<\/p>\n","protected":false},"author":8,"featured_media":4559,"comment_status":"open","ping_status":"open","sticky":false,"template":"","format":"standard","meta":{"pmpro_default_level":"","footnotes":""},"categories":[52],"tags":[1122,1117,1118,53,66,1115,1155,1205],"class_list":["post-4979","post","type-post","status-publish","format-standard","has-post-thumbnail","category-conferenza-stampa","tag-antonioconte","tag-calcioitaliano","tag-calcionapoli","tag-conferenzastampa","tag-napoli","tag-seriea","tag-venezia","tag-venezianapoli","pmpro-has-access"],"_links":{"self":[{"href":"https:\/\/www.timescampania.it\/napoli\/wp-json\/wp\/v2\/posts\/4979","targetHints":{"allow":["GET"]}}],"collection":[{"href":"https:\/\/www.timescampania.it\/napoli\/wp-json\/wp\/v2\/posts"}],"about":[{"href":"https:\/\/www.timescampania.it\/napoli\/wp-json\/wp\/v2\/types\/post"}],"author":[{"embeddable":true,"href":"https:\/\/www.timescampania.it\/napoli\/wp-json\/wp\/v2\/users\/8"}],"replies":[{"embeddable":true,"href":"https:\/\/www.timescampania.it\/napoli\/wp-json\/wp\/v2\/comments?post=4979"}],"version-history":[{"count":0,"href":"https:\/\/www.timescampania.it\/napoli\/wp-json\/wp\/v2\/posts\/4979\/revisions"}],"wp:featuredmedia":[{"embeddable":true,"href":"https:\/\/www.timescampania.it\/napoli\/wp-json\/wp\/v2\/media\/4559"}],"wp:attachment":[{"href":"https:\/\/www.timescampania.it\/napoli\/wp-json\/wp\/v2\/media?parent=4979"}],"wp:term":[{"taxonomy":"category","embeddable":true,"href":"https:\/\/www.timescampania.it\/napoli\/wp-json\/wp\/v2\/categories?post=4979"},{"taxonomy":"post_tag","embeddable":true,"href":"https:\/\/www.timescampania.it\/napoli\/wp-json\/wp\/v2\/tags?post=4979"}],"curies":[{"name":"wp","href":"https:\/\/api.w.org\/{rel}","templated":true}]}}