{"id":5017,"date":"2025-04-08T00:09:31","date_gmt":"2025-04-07T22:09:31","guid":{"rendered":"https:\/\/www.calcionapoli.online\/?p=5017"},"modified":"2025-04-08T00:09:31","modified_gmt":"2025-04-07T22:09:31","slug":"stellini-post-bologna-napoli-quando-insegui-e-difficile-recuperare-a-fine-campionato","status":"publish","type":"post","link":"https:\/\/www.timescampania.it\/napoli\/2025\/04\/08\/stellini-post-bologna-napoli-quando-insegui-e-difficile-recuperare-a-fine-campionato\/","title":{"rendered":"Stellini post Bologna-Napoli: &#8220;Quando insegui a fine campionato \u00e8 difficile recuperare&#8221;"},"content":{"rendered":"<p style=\"text-align: justify\">Pareggio sull&#8217;1-1 tra <strong>Bologna<\/strong> e <strong>Napoli<\/strong> al fischio di <strong>Massa<\/strong> al <strong>Dall&#8217;Ara<\/strong>. Un <strong>big match<\/strong> dal risultato inizialmente incerto che infine assegna un punto ciascuno. In seguito sono riportate le dichiarazioni rilasciate da <strong>Cristian Stellini<\/strong> in <strong>conferenza stampa<\/strong>.<\/p>\n<p style=\"text-align: justify\"><strong>Perch\u00e9 un cos\u00ec frequente calo nel secondo tempo?<\/strong><\/p>\n<p style=\"text-align: justify\">&#8220;Non c&#8217;\u00e8 una sola <strong>ragione<\/strong>, dobbiamo considerare pi\u00f9 aspetti. <strong>Milan<\/strong> e <strong>Bologna<\/strong> hanno giocato la Champions, il Bologna nelle ultime sei partite aveva sempre vinto e tutti qui hanno sofferto. Se col Milan giocavamo in casa e avevamo il vento in poppa dopo il primo tempo, oggi giocavamo contro una squadra da rispettare in un campo difficile. Pu\u00f2 accadere di soffrire e devi saperlo fare, il punto di oggi ci permette di rimanere agganciati ad un <strong>sogno<\/strong> e di guadagnare un punto rispetto a chi ci \u00e8 dietro per raggiungere l&#8217;obiettivo di inizio anno, arrivare tra le prime quattro. Il punto \u00e8 positivo ma dobbiamo crescere in <strong>mentalit\u00e0<\/strong>, dobbiamo andare oltre la possibilit\u00e0 di portare a casa il risultato perch\u00e9 sei in vantaggio. Dobbiamo continuare a giocare come nel primo tempo, la nostra caratteristica principale \u00e8 il gioco. Speculare e difenderci per portare a casa il risultato non \u00e8 nelle nostre qualit\u00e0, dobbiamo <strong>crescere<\/strong> per giocare un secondo tempo come il primo&#8221;.<\/p>\n<p style=\"text-align: justify\"><strong>Come stanno McTominay, Meret, Buongiorno e Anguissa?<\/strong><\/p>\n<p style=\"text-align: justify\">&#8220;<strong>McTominay<\/strong> \u00e8 uscito malconcio, ha preso due <strong>botte<\/strong> nella stessa azione e quella alla coscia \u00e8 stata forte non riusciva a muoversi al meglio, forse abbiamo tardato a cambiarlo ma \u00e8 stata una botta, dobbiamo <strong>recuperarlo<\/strong> in settimana&#8221;.<\/p>\n<p style=\"text-align: justify\">&#8220;<strong>Meret<\/strong> era da due giorni che stava con l&#8217;<strong>influenza<\/strong>, lo sapevamo e credo che <strong>Scuffet<\/strong> abbia fatto una ottima gara e siamo contenti abbia giocato, ha sostituito Meret nel migliore dei modi&#8221;.<\/p>\n<p style=\"text-align: justify\">&#8220;Lavoriamo in settimana per recuperare anche <strong>Buongiorno<\/strong>, ma vista la prestazione di <strong>Juan Jesus <\/strong>siamo contenti di avere giocatori che rispondono bene quando chiamati in causa&#8221;.<\/p>\n<p style=\"text-align: justify\">&#8220;Non mi sono ancora informato su <strong>Anguissa<\/strong>, parlava con i dottori e non ho chiesto&#8221;.<\/p>\n<p style=\"text-align: justify\"><strong>Sulla gestione del secondo tempo? <\/strong><\/p>\n<p style=\"text-align: justify\">&#8220;Con Atalanta, Juventus ed Inter nel secondo tempo abbiamo aumentato l&#8217;intensit\u00e0 continuato a <strong>pressare<\/strong>. Ultimamente sta venendo meno, stiamo andando verso un punto del campionato <strong>delicato <\/strong>ed un errore diventa difficile da <strong>recuperare<\/strong> quando insegui. Forse ci sta pesando, ma \u00e8 l&#8217;esperienza che ci dobbiamo portare avanti per fare uno scatto in pi\u00f9, per alzare l&#8217;asticella sapendo che nel secondo tempo dobbiamo continuare a pressare l&#8217;avversario con <strong>intensit\u00e0<\/strong>&#8220;.<\/p>\n","protected":false},"excerpt":{"rendered":"<p>Pareggio sull&#8217;1-1 tra Bologna e Napoli al fischio di Massa al Dall&#8217;Ara. Un big match dal risultato inizialmente incerto che infine assegna un punto ciascuno. In seguito sono riportate le dichiarazioni rilasciate da Cristian Stellini in conferenza stampa. Perch\u00e9 un cos\u00ec frequente calo nel secondo tempo? &#8220;Non c&#8217;\u00e8 una sola ragione, dobbiamo considerare pi\u00f9 aspetti.<\/p>\n","protected":false},"author":8,"featured_media":4770,"comment_status":"open","ping_status":"open","sticky":false,"template":"","format":"standard","meta":{"pmpro_default_level":"","footnotes":""},"categories":[52],"tags":[1209,1210,1118,1123,53,1211,54,66,1115],"class_list":["post-5017","post","type-post","status-publish","format-standard","has-post-thumbnail","category-conferenza-stampa","tag-bologna","tag-bolognanapoli","tag-calcionapoli","tag-campionatoitaliano","tag-conferenzastampa","tag-cristianstellini","tag-dichiarazioniufficiali","tag-napoli","tag-seriea","pmpro-has-access"],"_links":{"self":[{"href":"https:\/\/www.timescampania.it\/napoli\/wp-json\/wp\/v2\/posts\/5017","targetHints":{"allow":["GET"]}}],"collection":[{"href":"https:\/\/www.timescampania.it\/napoli\/wp-json\/wp\/v2\/posts"}],"about":[{"href":"https:\/\/www.timescampania.it\/napoli\/wp-json\/wp\/v2\/types\/post"}],"author":[{"embeddable":true,"href":"https:\/\/www.timescampania.it\/napoli\/wp-json\/wp\/v2\/users\/8"}],"replies":[{"embeddable":true,"href":"https:\/\/www.timescampania.it\/napoli\/wp-json\/wp\/v2\/comments?post=5017"}],"version-history":[{"count":0,"href":"https:\/\/www.timescampania.it\/napoli\/wp-json\/wp\/v2\/posts\/5017\/revisions"}],"wp:featuredmedia":[{"embeddable":true,"href":"https:\/\/www.timescampania.it\/napoli\/wp-json\/wp\/v2\/media\/4770"}],"wp:attachment":[{"href":"https:\/\/www.timescampania.it\/napoli\/wp-json\/wp\/v2\/media?parent=5017"}],"wp:term":[{"taxonomy":"category","embeddable":true,"href":"https:\/\/www.timescampania.it\/napoli\/wp-json\/wp\/v2\/categories?post=5017"},{"taxonomy":"post_tag","embeddable":true,"href":"https:\/\/www.timescampania.it\/napoli\/wp-json\/wp\/v2\/tags?post=5017"}],"curies":[{"name":"wp","href":"https:\/\/api.w.org\/{rel}","templated":true}]}}