{"id":5155,"date":"2025-05-19T00:02:13","date_gmt":"2025-05-18T22:02:13","guid":{"rendered":"https:\/\/www.calcionapoli.online\/?p=5155"},"modified":"2025-05-19T00:02:13","modified_gmt":"2025-05-18T22:02:13","slug":"post-parma-napoli-conte-andiamoci-a-prendere-lo-scudetto","status":"publish","type":"post","link":"https:\/\/www.timescampania.it\/napoli\/2025\/05\/19\/post-parma-napoli-conte-andiamoci-a-prendere-lo-scudetto\/","title":{"rendered":"Post Parma-Napoli, Conte: &#8220;Andiamoci a prendere lo scudetto&#8221;"},"content":{"rendered":"<p style=\"text-align: justify\">In una partita complicata per entrambe le compagini, il <strong>Napoli<\/strong> riesce a mantenere invariata la propria posizione in <strong>classifica<\/strong>, anche grazie a un pizzico di fortuna. Il <strong>Parma<\/strong> dovr\u00e0 lottare ancora con la matematica per la <strong>salvezza<\/strong>. Il mister partenopeo scarica tutta la sua tensione in conferenza stampa. Di seguito sono riportate le sue parole.<\/p>\n<p style=\"text-align: justify\"><strong>Sulla prestazione ed il punto guadagnato:<\/strong><\/p>\n<p style=\"text-align: justify\">&#8220;La testa sulla prossima partita gi\u00e0 l&#8217;abbiamo messa, manca un solo passo e dobbiamo cercare di farlo. Quello che mi sento di dire a Napoli e ai napoletani \u00e8 che dobbiamo essere concentrati e sul pezzo, non tiriamo fuori bandiere con numeri a caso. Stiamo sul pezzo, i ragazzi hanno bisogno di essere spinti verso un traguardo storico che tornerebbe dopo due anni ma in una maniera inimmaginabile. Alla fine vai a vedere, siamo la squadra che \u00e8 stata pi\u00f9 tempo in testa, da gennaio in testa abbiamo fatto qualcosa di straordinario, abbiamo dovuto gestire situazioni sempre in emergenza, ci arriveremo ancora. Giochiamo partite del genere senza Lobotka, recuperando un Neres non in condizione, Buongiorno fisso in infermeria, Juan Jesus si \u00e8 fatto male, Olivera adattato per questione di esperienza. Fidatevi, da gennaio in poi sono successe cose che poi vederci l\u00ec ci deve dare grande orgoglio, fidatevi sono state superate tante difficolt\u00e0 ed il merito va a ragazzi che ci stanno credendo. Manca un ultimo passo e dobbiamo farlo insieme, in maniera intelligente, corretta e seria. Se dovesse accadere, allora l\u00ec si che dovremmo celebrare come Dio comanda&#8221;.<\/p>\n<p style=\"text-align: justify\"><strong>Sull&#8217;assenza in panchina all&#8217;ultima partita:<\/strong><\/p>\n<p style=\"text-align: justify\">&#8220;Dispiace, uno lavora tutto l&#8217;anno e lavora tanto. Sinceramente mi ha dato molto fastidio l&#8217;ostruzione del Parma nel secondo tempo, era esagerata in tutto e per tutto e si stanno lamentando del recupero di soli sei minuti. Abbiamo giocato pochissimo nel secondo tempo, una volta c&#8217;era un crampo, poi il medico che entrava, poi un altro crampo: \u00e8 stato permesso un po&#8217; troppo. Ho avuto la fortuna di allenare in Inghilterra, certe cose vengono fischiate dal pubblico. Posso capire ci siano obiettivi diversi, ma c&#8217;\u00e8 un limite a tutto e mi ha dato fastidio, mi ha portato ad avere un contatto e ad essere espulso. Mi d\u00e0 fastidio, ma ho uno staff che sa cosa dovr\u00e0 fare. Mi auguro che in futuro che queste ostruzioni e perdite di tempo plateali vengano evitate da una parte e dall&#8217;altra&#8221;.<\/p>\n<p style=\"text-align: justify\"><strong>Un percorso pi\u00f9 complicato o pi\u00f9 emozionante?<\/strong><\/p>\n<p style=\"text-align: justify\">&#8220;Molto complicato, \u00e8 sempre passato tutto per normale. Mancavano i giocatori e nessuno diceva niente, siamo stati zitti e non ci siamo mai lamentati per non dare alibi. Fidatevi, andate a vedere da gennaio in poi quante soluzioni abbiamo dovuto trovare per arrivare alla fine ed essere a +1 ad una giornata dalla fine con una rosa ridotta ora all&#8217;osso. Vengono a mancare giocatori come Lobotka, Neres, Buongiorno, Juan Jesus. Nessuno ha mai tirato in ballo situazioni, non era giusto. Ogni tanto per\u00f2 basta usare il cervello, abbiamo raschiato il barile ed eravamo ancora a rompere le scatole. Due anni fa \u00e8 stato vinto uno scudetto in carrozza, un&#8217;altra squadra in un&#8217;altra situazione senza sofferenza. Quest&#8217;anno se uno\u00a0 non vuole nemmeno soffrire alzo le mani e mi arrendo, \u00e8 troppo. Adesso dobbiamo arrivare al traguardo ed i ragazzi lo sanno&#8221;.<\/p>\n<p style=\"text-align: justify\"><strong>Come si prepara la partita decisiva?<\/strong><\/p>\n<p style=\"text-align: justify\">&#8220;Entrando in un&#8217;altra dimensione, facevo il riferimento a due anni fa che \u00e8 diverso sono situazioni che affronti in maniera pi\u00f9 serena e leggera. Quando qualcuno dice che \u00e8 abituato a vincere lo scudetto, \u00e8 abituato a farlo in carrozza e non in un testa a testa. Nessuno era abituato in squadra, ricordo di aver detto che erano dieci finali. I ragazzi sono stati bravissimi, \u00e8 stata una situazione mai affrontata prima. Andiamoci a prendere lo scudetto&#8221;.<\/p>\n","protected":false},"excerpt":{"rendered":"<p>In una partita complicata per entrambe le compagini, il Napoli riesce a mantenere invariata la propria posizione in classifica, anche grazie a un pizzico di fortuna. Il Parma dovr\u00e0 lottare ancora con la matematica per la salvezza. Il mister partenopeo scarica tutta la sua tensione in conferenza stampa. Di seguito sono riportate le sue parole.<\/p>\n","protected":false},"author":8,"featured_media":5156,"comment_status":"open","ping_status":"open","sticky":false,"template":"","format":"standard","meta":{"pmpro_default_level":"","footnotes":""},"categories":[52],"tags":[1122,1117,1118,1123,53,1196,66,1222,1223],"class_list":["post-5155","post","type-post","status-publish","format-standard","has-post-thumbnail","category-conferenza-stampa","tag-antonioconte","tag-calcioitaliano","tag-calcionapoli","tag-campionatoitaliano","tag-conferenzastampa","tag-legaseriea","tag-napoli","tag-parma","tag-parmanapoli","pmpro-has-access"],"_links":{"self":[{"href":"https:\/\/www.timescampania.it\/napoli\/wp-json\/wp\/v2\/posts\/5155","targetHints":{"allow":["GET"]}}],"collection":[{"href":"https:\/\/www.timescampania.it\/napoli\/wp-json\/wp\/v2\/posts"}],"about":[{"href":"https:\/\/www.timescampania.it\/napoli\/wp-json\/wp\/v2\/types\/post"}],"author":[{"embeddable":true,"href":"https:\/\/www.timescampania.it\/napoli\/wp-json\/wp\/v2\/users\/8"}],"replies":[{"embeddable":true,"href":"https:\/\/www.timescampania.it\/napoli\/wp-json\/wp\/v2\/comments?post=5155"}],"version-history":[{"count":0,"href":"https:\/\/www.timescampania.it\/napoli\/wp-json\/wp\/v2\/posts\/5155\/revisions"}],"wp:featuredmedia":[{"embeddable":true,"href":"https:\/\/www.timescampania.it\/napoli\/wp-json\/wp\/v2\/media\/5156"}],"wp:attachment":[{"href":"https:\/\/www.timescampania.it\/napoli\/wp-json\/wp\/v2\/media?parent=5155"}],"wp:term":[{"taxonomy":"category","embeddable":true,"href":"https:\/\/www.timescampania.it\/napoli\/wp-json\/wp\/v2\/categories?post=5155"},{"taxonomy":"post_tag","embeddable":true,"href":"https:\/\/www.timescampania.it\/napoli\/wp-json\/wp\/v2\/tags?post=5155"}],"curies":[{"name":"wp","href":"https:\/\/api.w.org\/{rel}","templated":true}]}}