{"id":6024,"date":"2025-10-28T22:17:17","date_gmt":"2025-10-28T21:17:17","guid":{"rendered":"https:\/\/www.corrieredellacampania.it\/calcionapoli.online\/?p=6024"},"modified":"2025-10-28T22:17:17","modified_gmt":"2025-10-28T21:17:17","slug":"conte-il-lecce-ha-tenuto-botta","status":"publish","type":"post","link":"https:\/\/www.timescampania.it\/napoli\/2025\/10\/28\/conte-il-lecce-ha-tenuto-botta\/","title":{"rendered":"Conte: &#8220;Il Lecce ha tenuto botta&#8221;"},"content":{"rendered":"<p style=\"text-align: justify\">Zambo <strong>Anguissa<\/strong> salva il <strong>Napoli<\/strong> in una partita insidiosa contro il <strong>Lecce<\/strong> di <strong>Di Francesco<\/strong>. <strong>Antonio Conte<\/strong> si esprime in <strong>conferenza stampa<\/strong>. Ecco le sue <strong>dichiarazioni<\/strong>.<\/p>\n<p style=\"text-align: justify\">&#8220;Sapevo non sarebbe stata semplice, il Lecce \u00e8 una buona squadra e giocare qui non \u00e8 mai una passeggiata di salute. Giocare dopo aver vinto una partita che ci ha tolto energie fisiche e nervose conta, prima avevamo perso col Torino e con il PSV: so che la mente di un calciatore accumula, pu\u00f2 diventare anche pesante a livello di gambe. Siamo stati bravi a reggere botta e a fare una partita gagliarda e di spirito, abbiamo fatto delle rotazioni per necessit\u00e0, abbiamo qualche acciacco tra i titolari e dovevo dare riposo, \u00e8 stata una scelta e un obbligo. Sono contento per l&#8217;apporto che ho visto, ha fatto una buonissima partita Elmas da interno e da esterno nel 4-3-3. Lucca oggi ha tenuto botta, Lang ha fatto una discreta partita e pu\u00f2 fare ancora di pi\u00f9, ma era alla prima poi \u00e8 uscito per un doppio colpo al quadricipite. Speriamo non sia niente di grave, da inizio anno ce ne sta capitando ogni volta\u201d.<\/p>\n<p style=\"text-align: justify\">\u201cDifficilmente ricordo in carriera una situazione cos\u00ec, sui portieri prima si rompe la mano Contini, poi Meret si rompe il metatarso saltando. Ricordo le cose dette, se era giusto prendere un portiere di livello, chi parla poi scappa tanto alla fine mica i problemi sono loro. Abbiamo fatto benissimo a prendere un portiere di livello, che Dio ce lo protegga perch\u00e9 c&#8217;\u00e8 solo lui, poi c&#8217;\u00e8 un ragazzo bravo ma giovane dietro di lui\u201d.<\/p>\n<p style=\"text-align: justify\">\u201cDispiace per l&#8217;infortunio di De Bruyne, ricordo i titoloni sul suo acquisto per il Napoli che staccava le dirette concorrenti. Adesso qualcuno osa dire che pu\u00f2 essere un vantaggio, \u00e8 fantastico: mi arrendo, ne sento di tuti i colori. Lukaku \u00e8 sparito dai radar, ora De Bruyne assente \u00e8 un vantaggio: \u00e8 roba da Oscar\u201d.<\/p>\n<p style=\"text-align: justify\"><strong>Sul rigore:<\/strong><\/p>\n<p>\u201cGiusto che siate voi a giudicare cosa \u00e8 successo, non \u00e8 giusto venire qui e lamentarmi. Non mi sembra il caso, sono passati pochi giorni da Napoli-Inter con comportamenti diversi da parte di altri. Ci auguriamo che certe lamentele non condizionino Rocchi e gli arbitri, se arrivano da XY si fa finta di niente poi se arrivano i presidenti si pensa di dare un indirizzo importante. Siamo sereni e tranquilli, ma non siamo scemi e deve essere chiaro. Se qualcuno voleva mandare messaggi particolari, non va bene\u201d.<\/p>\n<p style=\"text-align: justify\">\u201cPrima eravamo una squadra che concedeva, oggi non abbiamo subito gol e non succedeva dalle prime due partite. Dobbiamo avere sempre lo spirito di squadra, lo abbiamo fatto e non lo dobbiamo perdere. Quando l\u2019abbiamo perso, l&#8217;abbiamo riconosciuto. Quindi bisogna continuare su questa squadra, non ci dobbiamo lamentare ma trovare soluzioni. Per\u00f2 non dimentichiamo in che condizioni siamo, altrimenti diventa tutto &#8216;aggratis&#8217; e non lo \u00e8\u201d.<\/p>\n<p style=\"text-align: justify\"><strong>Su Lucca:<\/strong><\/p>\n<p>\u201cNel 4-3-3 l&#8217;attaccante dipende dalle caratteristiche, Lucca e Hojlund danno punti di riferimento: tenere palla e favorire l&#8217;inserimento. Ha fatto la sua partita, ha dato il suo contributo e siamo contenti. Anche lui \u00e8 un ragazzo che arriva da una realt\u00e0 diversa, ha lo scudetto in petto e ci sono pressioni e richieste molto pi\u00f9 alte che giocare per una semplice salvezza o fare del proprio meglio. Si sta inserendo, dobbiamo avere pazienza ma inserire i nuovi giocando. Anche Lang era alla sua prima partita, Elmas \u00e8 una vecchia conoscenza del Napoli ed \u00e8 un ragazzo di valore e qualit\u00e0 che pu\u00f2 coprire diversi ruoli\u201d.<\/p>\n<p style=\"text-align: justify\">\u201cOggi vorrei fare un plauso a Gilmour, alle 15.30 il dottore mi ha detto che non stava bene e lo abbiamo dovuto rimettere in sesto. Non ci fosse stato manco lui, sarebbe stato molto difficile ed avrei dovuto inventare altro\u201d.<\/p>\n<p style=\"text-align: justify\"><strong>Sul Lecce:<\/strong><\/p>\n<p>\u201cPosso dire solo cose positive, ha tenuto botta in maniera importante. Giocare in casa significa avere una spinta in pi\u00f9, conosco Di Francesco ed \u00e8 un bravissimo allenatore. Il Lecce riesce sempre a tirare fuori dal cilindro qualcosa di nuovo, la dirigenza con Corvino e Trinchera \u00e8 al top in questo. Quello che posso augurarmi \u00e8 che il Lecce rimanga sempre in Serie A, sono un leccese purosangue: tifo Lecce e le radici saranno sempre di un leccese, non me lo toglier\u00e0 niente e nessuno. Sia chiaro a tutti.&#8221;<\/p>\n","protected":false},"excerpt":{"rendered":"<p>Zambo Anguissa salva il Napoli in una partita insidiosa contro il Lecce di Di Francesco. Antonio Conte si esprime in conferenza stampa. Ecco le sue dichiarazioni. &#8220;Sapevo non sarebbe stata semplice, il Lecce \u00e8 una buona squadra e giocare qui non \u00e8 mai una passeggiata di salute. Giocare dopo aver vinto una partita che ci<\/p>\n","protected":false},"author":8,"featured_media":4573,"comment_status":"open","ping_status":"open","sticky":false,"template":"","format":"standard","meta":{"pmpro_default_level":"","footnotes":""},"categories":[52],"tags":[1258,1122,1118,53,1196],"class_list":["post-6024","post","type-post","status-publish","format-standard","has-post-thumbnail","category-conferenza-stampa","tag-anguissa","tag-antonioconte","tag-calcionapoli","tag-conferenzastampa","tag-legaseriea","pmpro-has-access"],"_links":{"self":[{"href":"https:\/\/www.timescampania.it\/napoli\/wp-json\/wp\/v2\/posts\/6024","targetHints":{"allow":["GET"]}}],"collection":[{"href":"https:\/\/www.timescampania.it\/napoli\/wp-json\/wp\/v2\/posts"}],"about":[{"href":"https:\/\/www.timescampania.it\/napoli\/wp-json\/wp\/v2\/types\/post"}],"author":[{"embeddable":true,"href":"https:\/\/www.timescampania.it\/napoli\/wp-json\/wp\/v2\/users\/8"}],"replies":[{"embeddable":true,"href":"https:\/\/www.timescampania.it\/napoli\/wp-json\/wp\/v2\/comments?post=6024"}],"version-history":[{"count":0,"href":"https:\/\/www.timescampania.it\/napoli\/wp-json\/wp\/v2\/posts\/6024\/revisions"}],"wp:featuredmedia":[{"embeddable":true,"href":"https:\/\/www.timescampania.it\/napoli\/wp-json\/wp\/v2\/media\/4573"}],"wp:attachment":[{"href":"https:\/\/www.timescampania.it\/napoli\/wp-json\/wp\/v2\/media?parent=6024"}],"wp:term":[{"taxonomy":"category","embeddable":true,"href":"https:\/\/www.timescampania.it\/napoli\/wp-json\/wp\/v2\/categories?post=6024"},{"taxonomy":"post_tag","embeddable":true,"href":"https:\/\/www.timescampania.it\/napoli\/wp-json\/wp\/v2\/tags?post=6024"}],"curies":[{"name":"wp","href":"https:\/\/api.w.org\/{rel}","templated":true}]}}