{"id":6026,"date":"2025-10-28T21:12:17","date_gmt":"2025-10-28T20:12:17","guid":{"rendered":"https:\/\/www.corrieredellacampania.it\/calcionapoli.online\/?p=6026"},"modified":"2025-10-28T21:12:17","modified_gmt":"2025-10-28T20:12:17","slug":"elmas-consapevoli-di-aver-vinto-una-bella-battaglia","status":"publish","type":"post","link":"https:\/\/www.timescampania.it\/napoli\/2025\/10\/28\/elmas-consapevoli-di-aver-vinto-una-bella-battaglia\/","title":{"rendered":"Elmas: &#8220;Consapevoli di aver vinto una bella battaglia&#8221;"},"content":{"rendered":"<p style=\"text-align: justify\"><strong>Elmas<\/strong> dopo una prestazione buona contro il <strong>Lecce<\/strong> interviene in <strong>conferenza stampa<\/strong> e analizza il match. Di seguito le sue parole.<\/p>\n<p><strong>Buon momento per le seconde linee? <\/strong><\/p>\n<p>&#8220;\u00c8 stata una partita difficile. Siamo arrivati consapevoli che sarebbe stata una battaglia. Dopo la vittoria con l&#8217;Inter era importante dare continuit\u00e0 e portare a casa i tre punti. Sono felicissimo di aver passato cinque anni al Napoli, un allenatore come Conte \u00e8 speciale e ogni allenamento voglio dare una mano a tutti i miei compagni di squadra.&#8221;<\/p>\n<p><strong>Sulle sensazioni del gruppo:<\/strong><\/p>\n<p>&#8220;Sono tutti campioni che hanno vinto lo scudetto, sono giocatori forti e bravi ragazzi. E&#8217; un gruppo unito e sono felice di farne parte.&#8221;<\/p>\n<p><strong>Ti senti un jolly come nella squadra di Spalletti?<\/strong><\/p>\n<p>&#8220;Mi sento di aiutare sempre i ragazzi l\u00ec dove mi chiede di giocare il mister. Poi solo in campo si vede se sono un jolly.<br \/>\nAbbiamo concesso qualcosa al Lecce ma \u00e8 difficile avere sempre il possesso giocando ogni tre giorni. I campionati si vincono anche soffrendo, e cos\u00ec si pu\u00f2 far bene.&#8221;<\/p>\n<p><strong>Come gestisce la squadra Conte?<\/strong><\/p>\n<p>&#8220;Ogni giorno ci alleniamo forte, dobbiamo essere pronti e tutti noi che siamo in questo gruppo cerchiamo di fare il massimo in allenamento e dando il meglio in partita. Dobbiamo sentirci tutti pronti&#8221;.<\/p>\n","protected":false},"excerpt":{"rendered":"<p>Elmas dopo una prestazione buona contro il Lecce interviene in conferenza stampa e analizza il match. Di seguito le sue parole. Buon momento per le seconde linee? &#8220;\u00c8 stata una partita difficile. Siamo arrivati consapevoli che sarebbe stata una battaglia. Dopo la vittoria con l&#8217;Inter era importante dare continuit\u00e0 e portare a casa i tre<\/p>\n","protected":false},"author":8,"featured_media":7509,"comment_status":"open","ping_status":"open","sticky":false,"template":"","format":"standard","meta":{"pmpro_default_level":"","footnotes":""},"categories":[52],"tags":[1118,53,1259,1196],"class_list":["post-6026","post","type-post","status-publish","format-standard","has-post-thumbnail","category-conferenza-stampa","tag-calcionapoli","tag-conferenzastampa","tag-elmas","tag-legaseriea","pmpro-has-access"],"_links":{"self":[{"href":"https:\/\/www.timescampania.it\/napoli\/wp-json\/wp\/v2\/posts\/6026","targetHints":{"allow":["GET"]}}],"collection":[{"href":"https:\/\/www.timescampania.it\/napoli\/wp-json\/wp\/v2\/posts"}],"about":[{"href":"https:\/\/www.timescampania.it\/napoli\/wp-json\/wp\/v2\/types\/post"}],"author":[{"embeddable":true,"href":"https:\/\/www.timescampania.it\/napoli\/wp-json\/wp\/v2\/users\/8"}],"replies":[{"embeddable":true,"href":"https:\/\/www.timescampania.it\/napoli\/wp-json\/wp\/v2\/comments?post=6026"}],"version-history":[{"count":0,"href":"https:\/\/www.timescampania.it\/napoli\/wp-json\/wp\/v2\/posts\/6026\/revisions"}],"wp:featuredmedia":[{"embeddable":true,"href":"https:\/\/www.timescampania.it\/napoli\/wp-json\/wp\/v2\/media\/7509"}],"wp:attachment":[{"href":"https:\/\/www.timescampania.it\/napoli\/wp-json\/wp\/v2\/media?parent=6026"}],"wp:term":[{"taxonomy":"category","embeddable":true,"href":"https:\/\/www.timescampania.it\/napoli\/wp-json\/wp\/v2\/categories?post=6026"},{"taxonomy":"post_tag","embeddable":true,"href":"https:\/\/www.timescampania.it\/napoli\/wp-json\/wp\/v2\/tags?post=6026"}],"curies":[{"name":"wp","href":"https:\/\/api.w.org\/{rel}","templated":true}]}}