{"id":6184,"date":"2025-12-14T18:20:38","date_gmt":"2025-12-14T17:20:38","guid":{"rendered":"https:\/\/www.corrieredellacampania.it\/calcionapoli.online\/?p=6184"},"modified":"2025-12-14T18:20:38","modified_gmt":"2025-12-14T17:20:38","slug":"conte-in-una-situazione-di-emergenza-stiamo-dando-tutto","status":"publish","type":"post","link":"https:\/\/www.timescampania.it\/napoli\/2025\/12\/14\/conte-in-una-situazione-di-emergenza-stiamo-dando-tutto\/","title":{"rendered":"Conte: &#8220;In una situazione di emergenza stiamo dando tutto&#8221;"},"content":{"rendered":"<p style=\"text-align: justify\">La <strong>capolista<\/strong> cade ad <strong>Udine<\/strong> sul clamoroso risultato di <strong>1-0<\/strong>. La situazione <strong>infortuni<\/strong> colpisce ancora e sta portando non pochi <strong>problemi<\/strong> ai partenopei che si trovano, come in questo caso, a perdere punti fondamentali per la corsa <strong>scudetto<\/strong>. Di seguito sono riportate le parole di <strong>Antonio Conte<\/strong> in conferenza stampa.<\/p>\n<p><strong>Calo fisico, non capacit\u00e0 di adattamento alle situazioni difficili?<\/strong><\/p>\n<p>&#8220;Penso che l&#8217;analisi rispecchia l&#8217;andamento della partita. Se hai un approccio sbagliato capisci subito come andr\u00e0, invece \u00e8 stato importante e nel prima tempo non abbiamo concesso tiri in porta anzi le abbiamo avute noi. Quello che dispiace \u00e8 che si sta riscontrando che quando il vento gira contro stiamo facendo fatica a gestire situazioni cos\u00ec. I 20 minuti del secondo tempo iniziano con un fallo laterale con un batti e ribatti, con una situazione in cui ci siamo intimoriti. Non pu\u00f2 essere neanche giustificabile, ma abbiamo fatto venti minuti in cui abbiamo fatto fatica a gestire situazioni, se vai a vedere sono due gol annullati ed una traversa presa. Dovremo essere bravi a lavorare sull&#8217;aspetto mentale, quando ci sono queste situazioni serve astuzia e capire il momento di difficolt\u00e0 con lo stadio contro&#8221;.<\/p>\n<p><strong>Avete concesso un po&#8217; troppo?<\/strong><\/p>\n<p>&#8220;Dobbiamo raffreddare il momento. Sono situazioni in cui c&#8217;\u00e8 bisogno che i ragazzi le capiscano, soprattutto i pi\u00f9 esperti, e indirizzino la barca nei momenti in cui il mare \u00e8 in tempesta. Oggi non l&#8217;abbiamo fatto, dopo c&#8217;\u00e8 stato il gol ed \u00e8 sembrato come fosse una liberazione. Abbiamo attaccato ed avuto occasioni, non ci siamo riusciti. Quello che dobbiamo fare \u00e8 lavorare e cercare di mostrare sempre grande unione e compattezza, non perdere entusiasmo e voglia di lottare e combattere. I ragazzi lo stanno facendo, io faccio anche fatica a muovere critiche. Vedo cosa fanno i ragazzi. Nell&#8217;emergenza stanno dando tutto. Dobbiamo provare a migliorare situazioni che non sono facili, non \u00e8 una questione tattica. In trasferta per\u00f2 sta succedendo e quando il vento \u00e8 contrario non sappiamo gestire i momenti. Le statistiche sono chiare. Abbiamo subito sette sconfitte esterne in trasferta. Ho detto ai ragazzi di continuare, sono encomiabili per l&#8217;impegno e ci\u00f2 che ci mettono. Dobbiamo essere pronti per affrontare una stagione difficile, non scoraggiandosi ma onorare la maglia e lo scudetto vinto&#8221;.<\/p>\n<p><strong>Sul cambio di Politano:<\/strong><\/p>\n<p>&#8220;Sicuramente offensivo. Metto un&#8217;ala offensiva al posto di Di Lorenzo che arretro dietro, per avere un uno contro uno sia a sinistra con Spinazzola sia con Politano. I cambi erano per dare una sveglia e cercare il bandolo della matassa, ci eravamo abbassati troppo e non riuscivamo a ripartire con gli esterni ed i centrocampisti. Ho messo Lobotka per riprendere il gioco in mano. Sto tenendo spesso Politano in panchina per avere un cambio offensivo. Non ne ho, se mi volete suggerire qualche sistema. Anche con il Qarabag abbiamo fatto cos\u00ec, non ho messo il 4-2-3-1 ma alzato Politano e messo Di Lorenzo braccetto. con Neres numero 10 con Lang e Olivera a sinistra. Abbiamo cercato pi\u00f9 palleggio con Elmas, in questo momento cerchiamo di fare il possibile ed i ragazzi lo stanno facendo, anche nelle rotazioni che possiamo fare. Sappiamo che sar\u00e0 un&#8217;annata di vento contrario, dobbiamo essere bravi ne non accettare situazioni cos\u00ec ma combattendole in tutti i modi. Non ce la immaginavamo cos\u00ec ad inizio anno, c&#8217;\u00e8 da migliorare e lavoreremo per mantenere anche l&#8217;entusiasmo dell&#8217;ambiente. Deve dare una mano, ci sono cose talmente oggettive che non puoi fare finta di niente e mettere la testa sotto la sabbia. Abbiamo voglia di combattere e difendere lo scudetto vinto. L&#8217;importante \u00e8 dare sempre il massimo&#8221;.<\/p>\n<p><strong>Sulla Supercoppa e sui recuperi di Lobotka e Gutierrez:<\/strong><\/p>\n<p>&#8220;Lobo aveva saltato due partite, Miguel \u00e8 tornato a disposizione e aggiungiamo due giocatori in pi\u00f9 a quelli che abbiamo&#8221;.<\/p>\n","protected":false},"excerpt":{"rendered":"<p>La capolista cade ad Udine sul clamoroso risultato di 1-0. La situazione infortuni colpisce ancora e sta portando non pochi problemi ai partenopei che si trovano, come in questo caso, a perdere punti fondamentali per la corsa scudetto. Di seguito sono riportate le parole di Antonio Conte in conferenza stampa. Calo fisico, non capacit\u00e0 di<\/p>\n","protected":false},"author":8,"featured_media":5018,"comment_status":"open","ping_status":"open","sticky":false,"template":"","format":"standard","meta":{"pmpro_default_level":"","footnotes":""},"categories":[52],"tags":[1122,1118,53,1115],"class_list":["post-6184","post","type-post","status-publish","format-standard","has-post-thumbnail","category-conferenza-stampa","tag-antonioconte","tag-calcionapoli","tag-conferenzastampa","tag-seriea","pmpro-has-access"],"_links":{"self":[{"href":"https:\/\/www.timescampania.it\/napoli\/wp-json\/wp\/v2\/posts\/6184","targetHints":{"allow":["GET"]}}],"collection":[{"href":"https:\/\/www.timescampania.it\/napoli\/wp-json\/wp\/v2\/posts"}],"about":[{"href":"https:\/\/www.timescampania.it\/napoli\/wp-json\/wp\/v2\/types\/post"}],"author":[{"embeddable":true,"href":"https:\/\/www.timescampania.it\/napoli\/wp-json\/wp\/v2\/users\/8"}],"replies":[{"embeddable":true,"href":"https:\/\/www.timescampania.it\/napoli\/wp-json\/wp\/v2\/comments?post=6184"}],"version-history":[{"count":0,"href":"https:\/\/www.timescampania.it\/napoli\/wp-json\/wp\/v2\/posts\/6184\/revisions"}],"wp:featuredmedia":[{"embeddable":true,"href":"https:\/\/www.timescampania.it\/napoli\/wp-json\/wp\/v2\/media\/5018"}],"wp:attachment":[{"href":"https:\/\/www.timescampania.it\/napoli\/wp-json\/wp\/v2\/media?parent=6184"}],"wp:term":[{"taxonomy":"category","embeddable":true,"href":"https:\/\/www.timescampania.it\/napoli\/wp-json\/wp\/v2\/categories?post=6184"},{"taxonomy":"post_tag","embeddable":true,"href":"https:\/\/www.timescampania.it\/napoli\/wp-json\/wp\/v2\/tags?post=6184"}],"curies":[{"name":"wp","href":"https:\/\/api.w.org\/{rel}","templated":true}]}}