{"id":6460,"date":"2026-03-01T10:27:12","date_gmt":"2026-03-01T09:27:12","guid":{"rendered":"https:\/\/www.corrieredellacampania.it\/calcionapoli.online\/?p=6460"},"modified":"2026-03-01T10:27:12","modified_gmt":"2026-03-01T09:27:12","slug":"dieci-opinioni-dopo-verona-napoli","status":"publish","type":"post","link":"https:\/\/www.timescampania.it\/napoli\/2026\/03\/01\/dieci-opinioni-dopo-verona-napoli\/","title":{"rendered":"Dieci Opinioni dopo Verona-Napoli"},"content":{"rendered":"<p>Come di consueto torna la rubrica Dieci Opinioni per commentare la vittoria del Napoli, maturata per 2-1 sul campo del Verona.<\/p>\n<p class=\"p1\"><span class=\"s1\"><strong>Vittoria fondamentale<\/strong>. Fondamentale vittoria maturata negli ultimi istanti al Bentegodi, per restare ancora nella scia del Milan e tenere a distanza di sicurezza le altre pretendenti per la Champions.<\/span><\/p>\n<p class=\"p1\"><span class=\"s1\"><strong>Il ritorno di Big Rom<\/strong>. Finalmente Lukaku. Non segnava da quel Napoli-Cagliari che regal\u00f2 lo scudetto ai partenopei. Oggi \u00e8 entrato in campo a 20\u2019 dalla fine, e quando ormai sembra scritto il pareggio, ha deciso la partita per i suoi, regalando 3 punti fondamentali che potrebbero valere l\u2019accesso alla prossima Champions League.<\/span><\/p>\n<p class=\"p1\"><span class=\"s1\"><strong>Il gigante Rasmus<\/strong>. Ancora una volta immenso Holjund, che a soli 3 min dall\u2019inizio porta in vantaggio i suoi grazie ad una splendida incornata imparabile per Montipo. In una stagione funestata dalle difficolt\u00e0, il Napoli e Conte possono godersi un vero gioiello, destinato a maturare ancora di pi\u00f9.<\/span><\/p>\n<p class=\"p1\"><span class=\"s1\"><strong>La fatal Verona<\/strong>. Ancora una volta il Verona mette in difficolt\u00e0 gli azzurri, come all\u2019andata, e come l\u2019anno scorso, quando proprio al Bentegodi, alla prima di Conte, gli azzurri uscirono sconfitti per 3-0. Questa volta per\u00f2 la storia \u00e8 andata diversamente, infatti il Napoli, con grinta e cuore \u00e8 riuscito a riprenderla alla fine e a regalarsi 3 punti fondamentali.<\/span><\/p>\n<p class=\"p1\"><span class=\"s1\"><strong>Meret-Savic<\/strong>. La scorsa \u00e8 toccato a Savic, questa sera a Meret, sembra essere tornato quel dualismo in porta che aveva caratterizzato le prime uscite di questa stagione, prima del lunghissimo infortunio di Meret, che ha regalato la titolarit\u00e0 indiscussa a Savic. Due ottimi portieri con garanzie differenti e che da qui alla fine possono rivelarsi una grande arma in pi\u00f9 <\/span>per mister Conte.<\/p>\n<p class=\"p1\"><span class=\"s1\"><strong>I nuovi acquisti<\/strong>. Se Alisson, nonostante sia ancora un diamante da sgrezzare, sembra essersi integrato alla grande negli schemi azzurri, guadagnandosi anche la titolarit\u00e0 nelle ultime uscite, lo stesso non si pu\u00f2 dire di Giovane, presentato come il grande colpo di un calciomercato bloccato, che ancora non \u00e8 riuscito ad esprimersi al meglio. Nonostante ci\u00f2 \u00e8 proprio da una sua iniziativa che nasce il gol vittoria di Lukaku. Che questo sia preludio ad una sua crescita?<\/span><\/p>\n<p class=\"p1\"><span class=\"s1\"><strong>Dove sei Buongiorno? <\/strong>Nonostante una prestazione nella media, \u00e8 ancora un lontano parente del difensore che aveva incantato Torino e tutta Italia, e che l\u2019anno scorso insieme a Rrhamani ha formato una coppia di difesa formidabile che ha permesso al Napoli di vincere lo scudetto. Ti aspettiamo a braccia aperte Ale.<\/span><\/p>\n<p class=\"p1\"><span class=\"s1\"><strong>Anguissa<\/strong>. Il calvario del camerunese, iniziato a novembre scorso, sembra infinito. Come dichiarato da Conte, sar\u00e0 lui a decidere quando sar\u00e0 pronto, potrebbe essere la prossima settimana o quella successiva. La speranza per Conte \u00e8 quella di riabbracciare al pi\u00f9 presto uno dei perni del suo centrocampo. <\/span><\/p>\n<p class=\"p1\"><span class=\"s1\"><strong>McTominay<\/strong>. Stesso discorso per Scott McTominay, fermatosi durante la trasferta a Marassi, il suo rientro appare ancora incerto, ma la speranza \u00e8 che anche lo scozzese, fondamentale per lo scacchiere di Conte, possa tornare al pi\u00f9 presto e pi\u00f9 forte di prima. <\/span><\/p>\n<p class=\"p1\"><span class=\"s1\"><strong>De Bruyne<\/strong>. Infine discorso De Bruyne, il belga fermatosi lo scorso ottobre, \u00e8 tornato qualche giorno fa a Napoli, dopo la lunga riabilitazione in Belgio, e come dichiarato da Conte \u00e8 ha apparso in grande forma, ed ha subito cominciato ad allenarsi in gruppo. Filtra grande ottimismo, addirittura si pensa ad una sua convocazione la prossima contro il Torino. Nonostante ci\u00f2 comunque sar\u00e0 necessaria estrema cautela per evitare ricadute e permettere al fuoriclasse ex City, di poter contribuire alla causa partenopea in questo finale di stagione. <\/span><\/p>\n","protected":false},"excerpt":{"rendered":"<p>Come di consueto torna la rubrica Dieci Opinioni per commentare la vittoria del Napoli, maturata per 2-1 sul campo del Verona. Vittoria fondamentale. Fondamentale vittoria maturata negli ultimi istanti al Bentegodi, per restare ancora nella scia del Milan e tenere a distanza di sicurezza le altre pretendenti per la Champions. Il ritorno di Big Rom.<\/p>\n","protected":false},"author":7,"featured_media":7488,"comment_status":"open","ping_status":"open","sticky":false,"template":"","format":"standard","meta":{"pmpro_default_level":"","footnotes":""},"categories":[1390],"tags":[],"class_list":["post-6460","post","type-post","status-publish","format-standard","has-post-thumbnail","category-dieci-opinioni","pmpro-has-access"],"_links":{"self":[{"href":"https:\/\/www.timescampania.it\/napoli\/wp-json\/wp\/v2\/posts\/6460","targetHints":{"allow":["GET"]}}],"collection":[{"href":"https:\/\/www.timescampania.it\/napoli\/wp-json\/wp\/v2\/posts"}],"about":[{"href":"https:\/\/www.timescampania.it\/napoli\/wp-json\/wp\/v2\/types\/post"}],"author":[{"embeddable":true,"href":"https:\/\/www.timescampania.it\/napoli\/wp-json\/wp\/v2\/users\/7"}],"replies":[{"embeddable":true,"href":"https:\/\/www.timescampania.it\/napoli\/wp-json\/wp\/v2\/comments?post=6460"}],"version-history":[{"count":0,"href":"https:\/\/www.timescampania.it\/napoli\/wp-json\/wp\/v2\/posts\/6460\/revisions"}],"wp:featuredmedia":[{"embeddable":true,"href":"https:\/\/www.timescampania.it\/napoli\/wp-json\/wp\/v2\/media\/7488"}],"wp:attachment":[{"href":"https:\/\/www.timescampania.it\/napoli\/wp-json\/wp\/v2\/media?parent=6460"}],"wp:term":[{"taxonomy":"category","embeddable":true,"href":"https:\/\/www.timescampania.it\/napoli\/wp-json\/wp\/v2\/categories?post=6460"},{"taxonomy":"post_tag","embeddable":true,"href":"https:\/\/www.timescampania.it\/napoli\/wp-json\/wp\/v2\/tags?post=6460"}],"curies":[{"name":"wp","href":"https:\/\/api.w.org\/{rel}","templated":true}]}}