{"id":6536,"date":"2026-04-12T18:03:48","date_gmt":"2026-04-12T16:03:48","guid":{"rendered":"https:\/\/www.corrieredellacampania.it\/calcionapoli.online\/?p=6536"},"modified":"2026-04-12T18:03:48","modified_gmt":"2026-04-12T16:03:48","slug":"post-parma-vs-napoli-conteobbiettivo-champions-ma-continuiamo-a-sognare","status":"publish","type":"post","link":"https:\/\/www.timescampania.it\/napoli\/2026\/04\/12\/post-parma-vs-napoli-conteobbiettivo-champions-ma-continuiamo-a-sognare\/","title":{"rendered":"Post Parma vs Napoli, Conte&#8221;Obbiettivo Champions, ma continuiamo a sognare!&#8221;"},"content":{"rendered":"<p>Dopo il pareggio in casa del <strong>Parma<\/strong>, dalla sala conferenze dello\u00a0<strong>Stadio Tardini\u00a0<\/strong>interviene l&#8217;allenatore azzurro\u00a0<strong>Antonio Conte\u00a0<\/strong>per rispondere alle domande della stampa. Ecco le dichiarazioni ufficiali.<\/p>\n<p><strong>Sulla chance persa <\/strong>&#8220;\u00c8 un rimpianto, sicuramente il risultato finale ci deve rammaricare tanto. Sapevamo che avremmo incontrato un Parma molto difensivo che avrebbe fatto la partita negli ultimi 30 metri e poi cercato di ripartire. Dopo 30 secondi abbiamo concesso un gol che non dobbiamo concedere, per\u00f2 ci sta che durante la partita si possano commettere errori. Ci siamo messi la partita in salita e abbiamo dovuto faticare per 95 minuti. Siamo stati anche bravi perch\u00e9 queste sono partite in cui rischi di subire il secondo gol, invece abbiamo reagito. Dispiace perch\u00e9 c\u2019\u00e8 poco da rimproverare per voglia e impegno, ma a volte i numeri non rispecchiano il risultato e oggi \u00e8 finita 1-1.&#8221;<\/p>\n<p><strong>Se il sogno \u00e8 ancora possibile <\/strong>&#8220;Il sogno continua, non \u00e8 che si ferma perch\u00e9 invece di sette punti ora ne abbiamo sei di distanza dall\u2019Inter. Dobbiamo guardare alla Champions, che \u00e8 l\u2019obiettivo principale. Il sogno per\u00f2 dipende anche dagli altri, noi possiamo solo dare il massimo. La prestazione c\u2019\u00e8 stata, abbiamo creato tanto, ma non sempre riesci a completare la rimonta.&#8221;<\/p>\n<p><strong>Sulla capacit\u00e0 di rimontare le partite <\/strong>&#8220;Il fatto di rimontare cos\u00ec tante volte ha un aspetto positivo e uno negativo. Quello positivo \u00e8 la forza, la cattiveria e la voglia di non arrendersi. Quello negativo \u00e8 che spesso dobbiamo prendere uno schiaffo prima di reagire. A volte riesci a ribaltarla, altre no, come oggi, ma la squadra sta bene fisicamente e mentalmente e dobbiamo continuare cos\u00ec.&#8221;<\/p>\n<p><strong>Sulla stagione <\/strong>&#8220;Noi siamo partiti con l\u2019obiettivo di tornare in Champions League, che \u00e8 fondamentale per il club anche dal punto di vista economico. Abbiamo visto cosa comporta non qualificarsi. Lo scudetto deve essere la ciliegina sulla torta, ma bisogna mantenere equilibrio tra investimenti e risultati. Se portiamo a casa la qualificazione in Champions e un trofeo come la Supercoppa, sarebbe qualcosa di molto importante per questa stagione.&#8221;<\/p>\n","protected":false},"excerpt":{"rendered":"<p>Dopo il pareggio in casa del Parma, dalla sala conferenze dello\u00a0Stadio Tardini\u00a0interviene l&#8217;allenatore azzurro\u00a0Antonio Conte\u00a0per rispondere alle domande della stampa. Ecco le dichiarazioni ufficiali. Sulla chance persa &#8220;\u00c8 un rimpianto, sicuramente il risultato finale ci deve rammaricare tanto. Sapevamo che avremmo incontrato un Parma molto difensivo che avrebbe fatto la partita negli ultimi 30 metri<\/p>\n","protected":false},"author":4,"featured_media":7467,"comment_status":"open","ping_status":"open","sticky":false,"template":"","format":"standard","meta":{"pmpro_default_level":"","footnotes":""},"categories":[52],"tags":[1111,1379,66,1222],"class_list":["post-6536","post","type-post","status-publish","format-standard","has-post-thumbnail","category-conferenza-stampa","tag-conferenza-stampa","tag-conte","tag-napoli","tag-parma","pmpro-has-access"],"_links":{"self":[{"href":"https:\/\/www.timescampania.it\/napoli\/wp-json\/wp\/v2\/posts\/6536","targetHints":{"allow":["GET"]}}],"collection":[{"href":"https:\/\/www.timescampania.it\/napoli\/wp-json\/wp\/v2\/posts"}],"about":[{"href":"https:\/\/www.timescampania.it\/napoli\/wp-json\/wp\/v2\/types\/post"}],"author":[{"embeddable":true,"href":"https:\/\/www.timescampania.it\/napoli\/wp-json\/wp\/v2\/users\/4"}],"replies":[{"embeddable":true,"href":"https:\/\/www.timescampania.it\/napoli\/wp-json\/wp\/v2\/comments?post=6536"}],"version-history":[{"count":0,"href":"https:\/\/www.timescampania.it\/napoli\/wp-json\/wp\/v2\/posts\/6536\/revisions"}],"wp:featuredmedia":[{"embeddable":true,"href":"https:\/\/www.timescampania.it\/napoli\/wp-json\/wp\/v2\/media\/7467"}],"wp:attachment":[{"href":"https:\/\/www.timescampania.it\/napoli\/wp-json\/wp\/v2\/media?parent=6536"}],"wp:term":[{"taxonomy":"category","embeddable":true,"href":"https:\/\/www.timescampania.it\/napoli\/wp-json\/wp\/v2\/categories?post=6536"},{"taxonomy":"post_tag","embeddable":true,"href":"https:\/\/www.timescampania.it\/napoli\/wp-json\/wp\/v2\/tags?post=6536"}],"curies":[{"name":"wp","href":"https:\/\/api.w.org\/{rel}","templated":true}]}}