{"id":6556,"date":"2026-04-18T20:55:52","date_gmt":"2026-04-18T18:55:52","guid":{"rendered":"https:\/\/www.corrieredellacampania.it\/calcionapoli.online\/?p=6556"},"modified":"2026-04-18T20:55:52","modified_gmt":"2026-04-18T18:55:52","slug":"post-napoli-0-2-lazio-conte-concentrati-per-raggiungere-la-champions-chi-vivra-vedra","status":"publish","type":"post","link":"https:\/\/www.timescampania.it\/napoli\/2026\/04\/18\/post-napoli-0-2-lazio-conte-concentrati-per-raggiungere-la-champions-chi-vivra-vedra\/","title":{"rendered":"Post Napoli 0-2 Lazio, Conte: \u201cConcentrati per raggiungere la Champions, chi vivr\u00e0 vedr\u00e0!\u201d"},"content":{"rendered":"<p>Dopo la pesante sconfitta in casa, contro la Lazio dell\u2019ex Maurizio Sarri, mister Conte \u00e8 intervenuto come di consueto in conferenza stampa per analizzare la partita e cosa \u00e8 andato storto.<\/p>\n<p>Di seguito le sue dichiarazioni:<\/p>\n<p>Problema fisico o mentale? \u201cAbbiamo visto fin dall&#8217;inizio poche energie, parte tutto dalla testa: forse ho sottovalutato un po&#8217; il fatto della reazione che il pareggio di Parma ha dato a tutti noi, \u00e8 inevitabile perch\u00e8 eravamo di rincorsa e sapevamo che chi era davanti a noi dovesse sbagliare. Non aver vinto a Parma con l&#8217;Inter che vince ci ha stroncato qualsiasi velleit\u00e0, anche se la matematica ci lasciava in vita. Forse dovevo intervenire a livello motivazionale pungolando i miei, eravamo scarichi con energia zero. Commessi tantissimi errori, il 70% di possesso palla con zero tiri in porta, abbiamo fatto fare alla Lazio la partita in cui stavano stretti e ripartivano. Non siamo stati bravi a trovare le linee di gioco che avevamo preparato. La Lazio non ci ha sorpreso, ma oggi come energia abbiamo fatto fatica.\u201d<\/p>\n<p>La sconfitta complica il percorso Champions? \u201cDevo ringraziare le curve che ci hanno sostenuto fino alla fine, li ringraziamo: i ragazzi lo meritano per l&#8217;annata, ora resettiamo, ripartiremo luned\u00ec sapendo che ce da combattere per conquistare la Champions.\u201d<\/p>\n<p>Le voci sul mio futuro? \u201c\u00c8 un copia-incolla dellanno scorso, dispiace perch\u00e8 capisco che quando parlo mi sembra di parlare in italiano, e invece vengo strumentalizzato. Da alcune frasi uno riporta la propria idea di ci\u00f2 che ha capito, capitasse in Inghilterra perch\u00e8 parlo non benissimo inglese, ma qua.. lo pi\u00f9 sto zitto e meglio \u00e8, diamo fiato alle trombe di chi non vuole bene al Napoli e cerca di creare confusione.\u201d<\/p>\n<p>Sulla squadra? \u201cHo letto di squadra vecchia, di giocatori che devono andare via: non \u00e8 giusto, \u00e8 una mancanza di rispetto nei confronti di chi \u00e8 qui da tanto tempo, ha vinto tanto. Leggere sul giornale che alcuni andranno via, facciamoli fare agli altri: perch\u00e8 ci dobbiamo fare male da soli? Queste voci non fanno bene alla squadra, \u00e8 una mancanza di rispetto verso chi ha fatto sognare la citta. Lo sto vedendo, Napoli e controversa: c\u2019\u00e8 chi aiuta, chi distrugge e chi rompe le scatole. In casa nostra restiamo compatti, non c&#8217;\u00e8 peggior sordo di chi non vuole sentire.\u201d<\/p>\n<p>Sulla partita? \u201cNon addosserei le colpe alla difesa, si difende in undici e si attacca in undici, compreso Holjund. Oggi eravamo tutti non pervenuti, c&#8217;\u00e8 stato un blackout. Ho fatto il calciatore e da allenatore sono capitate giornate-no, \u00e8 andata cos\u00ec anche oggi. Potevamo attaccare per giorni, non c&#8217;era lucidit\u00e0 per vedere gli spazi, qualitativamente non eravamo puliti, \u00e8 stata una serie di situazioni che bisogna resettare da luned\u00ec. Mancano cinque partite, per la societ\u00e0 \u00e8 troppo importante giocare la Champions League, che porta circa 70 milioni al club. Abbiamo bisogno di rimanere concentrati per raggiungere ci\u00f2 che dobbiamo raggiungere, poi chi vivr\u00e0 vedr\u00e0&#8221;<\/p>\n","protected":false},"excerpt":{"rendered":"<p>Dopo la pesante sconfitta in casa, contro la Lazio dell\u2019ex Maurizio Sarri, mister Conte \u00e8 intervenuto come di consueto in conferenza stampa per analizzare la partita e cosa \u00e8 andato storto. Di seguito le sue dichiarazioni: Problema fisico o mentale? \u201cAbbiamo visto fin dall&#8217;inizio poche energie, parte tutto dalla testa: forse ho sottovalutato un po&#8217;<\/p>\n","protected":false},"author":7,"featured_media":7467,"comment_status":"open","ping_status":"open","sticky":false,"template":"","format":"standard","meta":{"pmpro_default_level":"","footnotes":""},"categories":[52],"tags":[],"class_list":["post-6556","post","type-post","status-publish","format-standard","has-post-thumbnail","category-conferenza-stampa","pmpro-has-access"],"_links":{"self":[{"href":"https:\/\/www.timescampania.it\/napoli\/wp-json\/wp\/v2\/posts\/6556","targetHints":{"allow":["GET"]}}],"collection":[{"href":"https:\/\/www.timescampania.it\/napoli\/wp-json\/wp\/v2\/posts"}],"about":[{"href":"https:\/\/www.timescampania.it\/napoli\/wp-json\/wp\/v2\/types\/post"}],"author":[{"embeddable":true,"href":"https:\/\/www.timescampania.it\/napoli\/wp-json\/wp\/v2\/users\/7"}],"replies":[{"embeddable":true,"href":"https:\/\/www.timescampania.it\/napoli\/wp-json\/wp\/v2\/comments?post=6556"}],"version-history":[{"count":0,"href":"https:\/\/www.timescampania.it\/napoli\/wp-json\/wp\/v2\/posts\/6556\/revisions"}],"wp:featuredmedia":[{"embeddable":true,"href":"https:\/\/www.timescampania.it\/napoli\/wp-json\/wp\/v2\/media\/7467"}],"wp:attachment":[{"href":"https:\/\/www.timescampania.it\/napoli\/wp-json\/wp\/v2\/media?parent=6556"}],"wp:term":[{"taxonomy":"category","embeddable":true,"href":"https:\/\/www.timescampania.it\/napoli\/wp-json\/wp\/v2\/categories?post=6556"},{"taxonomy":"post_tag","embeddable":true,"href":"https:\/\/www.timescampania.it\/napoli\/wp-json\/wp\/v2\/tags?post=6556"}],"curies":[{"name":"wp","href":"https:\/\/api.w.org\/{rel}","templated":true}]}}