{"id":6585,"date":"2026-05-02T22:31:23","date_gmt":"2026-05-02T20:31:23","guid":{"rendered":"https:\/\/www.corrieredellacampania.it\/calcionapoli.online\/?p=6585"},"modified":"2026-05-02T22:31:23","modified_gmt":"2026-05-02T20:31:23","slug":"conte-post-como-napoli-cesc-un-predestinato","status":"publish","type":"post","link":"https:\/\/www.timescampania.it\/napoli\/2026\/05\/02\/conte-post-como-napoli-cesc-un-predestinato\/","title":{"rendered":"Conte post Como-Napoli: &#8220;Cesc, un predestinato&#8221;"},"content":{"rendered":"<p style=\"text-align: justify\">&#8220;Abbiamo fatto un altro passo verso la Champions, farlo contro il Como che ha ambizioni e tenerlo distante otto punti \u00e8 importante. Oggi nessuno ha fatto calcoli, \u00e8 stata una partita aperta in cui potevamo segnare entrambi. Abbiamo giocato a viso aperto, provando ad avere supremazia. Adesso mancano tre partite e noi dobbiamo cercare quanto prima di mettere la matematica qualificazione alla Champions, \u00e8 molto importante per programmare il futuro del Napoli. Abbiamo voglia di lottare fino alla fine, abbiamo uno scudetto sulla maglia e pi\u00f9 in alto arriviamo pi\u00f9 daremo lustro allo scudetto vinto lo scorso anno\u201d.<\/p>\n<p style=\"text-align: justify\"><strong>Su Rrahmani:<\/strong><\/p>\n<p style=\"text-align: justify\">\u201cNon dimentichiamo che tornava da un infortunio, ha giocato contro la Cremonese dopo tanto tempo e in settimana l\u2019aveva ancora un po&#8217; accusata. L&#8217;abbiamo gestito per averlo oggi. Si sentiva affaticato, ha chiesto un cambio precauzionale. Oggi eravamo senza cambi tra i centrali, Juan Jesus \u00e8 rimasto a Napoli per motivi personali e Olivera non l&#8217;abbiamo rischiato per un piccolo affaticamento muscolare. Alla fine ho arretrato Gutierrez centrale con Buongiorno e Beukema.\u201d<\/p>\n<p style=\"text-align: justify\"><strong>Cosa c\u2019\u00e8 di positivo?<\/strong><\/p>\n<p style=\"text-align: justify\">\u201cBuon pareggio su un campo difficile, loro si giocavano di pi\u00f9 rispetto a noi. Abbiamo fatto un favore alle altre che vogliono la Champions League, il Como nelle ultime tre partite pu\u00f2 fare nove punti. Nel primo tempo secondo me non siamo partiti male, ma abbiamo perso due palloni a centrocampo in uscita ed abbiamo rischiato un po\u2019. Quello ci ha un po&#8217; non bloccato, per\u00f2 ci ha fatto sentire meno sicuri. Nel secondo tempo siamo saliti di tono, lo spartito era quello di pressarli alti, giocarci l&#8217;uno contro uno come abbiamo fatto. Nel secondo tempo \u00e8 giusto che finisca in partita, nel primo tempo meglio loro e poi meglio noi. Il loro portiere \u00e8 un dodicesimo giocatore, \u00e8 un portiere che non ti permette di pressare: hanno una superiorit\u00e0 numerica, trovano la giocata tra le linee, \u00e8 cresciuto tanto Butez ed \u00e8 una delle armi pi\u00f9 importanti del Como\u201d.<\/p>\n<p style=\"text-align: justify\"><strong>Fabregas \u00e8 il nuovo Conte?<\/strong><\/p>\n<p style=\"text-align: justify\">\u201cA me Cesc in panchina piace, \u00e8 uno sanguigno e la partita la vive. Io sono cos\u00ec, cerco un mio simile, cerco chi avverte questa passione nei confronti del lavoro che facciamo. Cesc \u00e8 un ragazzo che studia calcio e si vede, siamo in continua evoluzione. Qualche anno fa spesso e volentieri una squadra attaccava e una difendeva, oggi se vuoi fare un calcio di livello devi essere un allenatore completo con e senza palla. Lui \u00e8 un allenatore che non faccio fatica a definire predestinato, \u00e8 un bravo manager nello scegliere i giocatori adatti al suo calcio. Gli auguro il meglio, \u00e8 fuori dubbio&#8221;.<\/p>\n","protected":false},"excerpt":{"rendered":"<p>&#8220;Abbiamo fatto un altro passo verso la Champions, farlo contro il Como che ha ambizioni e tenerlo distante otto punti \u00e8 importante. Oggi nessuno ha fatto calcoli, \u00e8 stata una partita aperta in cui potevamo segnare entrambi. Abbiamo giocato a viso aperto, provando ad avere supremazia. Adesso mancano tre partite e noi dobbiamo cercare quanto<\/p>\n","protected":false},"author":8,"featured_media":6195,"comment_status":"open","ping_status":"open","sticky":false,"template":"","format":"standard","meta":{"pmpro_default_level":"","footnotes":""},"categories":[52],"tags":[1122,1118,1275,1244,1115],"class_list":["post-6585","post","type-post","status-publish","format-standard","has-post-thumbnail","category-conferenza-stampa","tag-antonioconte","tag-calcionapoli","tag-cescfabregas","tag-championsleague","tag-seriea","pmpro-has-access"],"_links":{"self":[{"href":"https:\/\/www.timescampania.it\/napoli\/wp-json\/wp\/v2\/posts\/6585","targetHints":{"allow":["GET"]}}],"collection":[{"href":"https:\/\/www.timescampania.it\/napoli\/wp-json\/wp\/v2\/posts"}],"about":[{"href":"https:\/\/www.timescampania.it\/napoli\/wp-json\/wp\/v2\/types\/post"}],"author":[{"embeddable":true,"href":"https:\/\/www.timescampania.it\/napoli\/wp-json\/wp\/v2\/users\/8"}],"replies":[{"embeddable":true,"href":"https:\/\/www.timescampania.it\/napoli\/wp-json\/wp\/v2\/comments?post=6585"}],"version-history":[{"count":0,"href":"https:\/\/www.timescampania.it\/napoli\/wp-json\/wp\/v2\/posts\/6585\/revisions"}],"wp:featuredmedia":[{"embeddable":true,"href":"https:\/\/www.timescampania.it\/napoli\/wp-json\/wp\/v2\/media\/6195"}],"wp:attachment":[{"href":"https:\/\/www.timescampania.it\/napoli\/wp-json\/wp\/v2\/media?parent=6585"}],"wp:term":[{"taxonomy":"category","embeddable":true,"href":"https:\/\/www.timescampania.it\/napoli\/wp-json\/wp\/v2\/categories?post=6585"},{"taxonomy":"post_tag","embeddable":true,"href":"https:\/\/www.timescampania.it\/napoli\/wp-json\/wp\/v2\/tags?post=6585"}],"curies":[{"name":"wp","href":"https:\/\/api.w.org\/{rel}","templated":true}]}}