{"id":6590,"date":"2026-05-11T23:40:35","date_gmt":"2026-05-11T21:40:35","guid":{"rendered":"https:\/\/www.corrieredellacampania.it\/calcionapoli.online\/?p=6590"},"modified":"2026-05-11T23:40:35","modified_gmt":"2026-05-11T21:40:35","slug":"conte-post-sconfitta-portare-la-nave-in-porto","status":"publish","type":"post","link":"https:\/\/www.timescampania.it\/napoli\/2026\/05\/11\/conte-post-sconfitta-portare-la-nave-in-porto\/","title":{"rendered":"Conte post sconfitta: &#8220;Portare la nave in porto&#8221;"},"content":{"rendered":"<p style=\"text-align: justify\">La squadra di <strong>Antonio Conte<\/strong> <strong>sprofonda<\/strong> in casa e continua a <strong>rallentare<\/strong> in questo finale di stagione. Al termine della gara, il <strong>tecnico<\/strong> azzurro ha analizzato la prestazione dei suoi in <strong>conferenza stampa<\/strong>. Di seguito le sue <strong>dichiarazioni<\/strong>.<\/p>\n<p>&#8220;Il primo tempo non \u00e8 stato brutto, siamo andati sotto 0-2 ma siamo mancati in qualcosa: \u00e8 il decimo rigore che prendiamo, concedere tre gol ci deve portare ad una riflessione, anche col Verona and\u00f2 cos\u00ec. Abbiamo avuto la forza di rialzarci e di giocare la partita, l&#8217;abbiamo rimessa in piedi contro una buonissima squadra, ma avevamo voglia ed energia di vincere la gara. Abbiamo spinto ed \u00e9 inevitabile che quando cerchi di attaccare pu\u00f2 esserci una ripartenza. Non ricordo pericoli difensivi nostri se non il terzo gol preso. Anche da questo punto di vista siamo stati bravi a non farli mai ripartire, ma \u00e8 un gol che fa male: se non si pu\u00f2 vincere \u00e8 meglio non perdere, per\u00f2 dobbiamo prendere questa partita e sapere che la prestazione non \u00e8 dispiaciuta come volont\u00e0 e voglia dei ragazzi, se vogliamo vedere il risultato \u00e8 negativo e ci riporta con i piedi per terra, mancano due partite per conquistare un posto in Champions e poi vedremo come finiremo il campionato&#8221;.<\/p>\n<p>&#8220;Noi siamo partiti in estate cercando di trovare una situazione tattica per far giocare i migliori, poi andando avanti ci sono stati gli infortuni: lunghi mesi che ci hanno tolto giocatori che erano importanti, penso a Neres che era nel miglior momento e si \u00e8 fatto male da solo. Fa parte del gioco, un allenatore dev&#8217;essere bravo a trovare la soluzione per non affondare. Grazie ai ragazzi siamo stati bravi nelle difficolt\u00e0 a tenerci a galla, ora ci sono due partite per portare la nave in porto, poi si tireranno le somme&#8221;.<\/p>\n<p><strong>Cosa cambier\u00e0 tatticamente nelle ultime due partite? E in prospettiva futura?<\/strong><\/p>\n<p>&#8220;Potrebbero solo portare a disequilibri, poi Dio vede e provvede l&#8217;anno prossimo alla situazione tattica, per fare il 4-3-3, il 4-4-2, voi vi sbizzarrite ma noi ci ancoriamo a cose serie e che ci hanno portato a stare l\u00ec, mancava un passo per assicurare la Champions al club, che \u00e8 importante a livello economico. Un passo che dobbiamo fare assieme. Chi torna dagli infortuni seri e gravi ha bisogno di un po&#8217; per essere di nuovo brillante, dobbiamo cercare di fare queste ultime due partite e poi tireremo le somme&#8221;.<\/p>\n","protected":false},"excerpt":{"rendered":"<p>La squadra di Antonio Conte sprofonda in casa e continua a rallentare in questo finale di stagione. Al termine della gara, il tecnico azzurro ha analizzato la prestazione dei suoi in conferenza stampa. Di seguito le sue dichiarazioni. &#8220;Il primo tempo non \u00e8 stato brutto, siamo andati sotto 0-2 ma siamo mancati in qualcosa: \u00e8<\/p>\n","protected":false},"author":8,"featured_media":5786,"comment_status":"open","ping_status":"open","sticky":false,"template":"","format":"standard","meta":{"pmpro_default_level":"","footnotes":""},"categories":[52],"tags":[1122,1117,1118,1244,1276,1115],"class_list":["post-6590","post","type-post","status-publish","format-standard","has-post-thumbnail","category-conferenza-stampa","tag-antonioconte","tag-calcioitaliano","tag-calcionapoli","tag-championsleague","tag-napolibologna","tag-seriea","pmpro-has-access"],"_links":{"self":[{"href":"https:\/\/www.timescampania.it\/napoli\/wp-json\/wp\/v2\/posts\/6590","targetHints":{"allow":["GET"]}}],"collection":[{"href":"https:\/\/www.timescampania.it\/napoli\/wp-json\/wp\/v2\/posts"}],"about":[{"href":"https:\/\/www.timescampania.it\/napoli\/wp-json\/wp\/v2\/types\/post"}],"author":[{"embeddable":true,"href":"https:\/\/www.timescampania.it\/napoli\/wp-json\/wp\/v2\/users\/8"}],"replies":[{"embeddable":true,"href":"https:\/\/www.timescampania.it\/napoli\/wp-json\/wp\/v2\/comments?post=6590"}],"version-history":[{"count":0,"href":"https:\/\/www.timescampania.it\/napoli\/wp-json\/wp\/v2\/posts\/6590\/revisions"}],"wp:featuredmedia":[{"embeddable":true,"href":"https:\/\/www.timescampania.it\/napoli\/wp-json\/wp\/v2\/media\/5786"}],"wp:attachment":[{"href":"https:\/\/www.timescampania.it\/napoli\/wp-json\/wp\/v2\/media?parent=6590"}],"wp:term":[{"taxonomy":"category","embeddable":true,"href":"https:\/\/www.timescampania.it\/napoli\/wp-json\/wp\/v2\/categories?post=6590"},{"taxonomy":"post_tag","embeddable":true,"href":"https:\/\/www.timescampania.it\/napoli\/wp-json\/wp\/v2\/tags?post=6590"}],"curies":[{"name":"wp","href":"https:\/\/api.w.org\/{rel}","templated":true}]}}