{"id":6610,"date":"2026-05-17T16:45:42","date_gmt":"2026-05-17T14:45:42","guid":{"rendered":"https:\/\/www.corrieredellacampania.it\/calcionapoli.online\/?p=6610"},"modified":"2026-05-17T16:45:42","modified_gmt":"2026-05-17T14:45:42","slug":"post-pisa-0-3-napoli-conte-de-laurentiis-conosce-da-un-mese-il-mio-pensiero","status":"publish","type":"post","link":"https:\/\/www.timescampania.it\/napoli\/2026\/05\/17\/post-pisa-0-3-napoli-conte-de-laurentiis-conosce-da-un-mese-il-mio-pensiero\/","title":{"rendered":"Post Pisa 0-3 Napoli, Conte: \u201cDe Laurentiis conosce da un mese il mio pensiero\u201d"},"content":{"rendered":"<p>Sulla stagione? &#8220;Per quello che riguarda la stagione, se vi ricordate bene la mia prima conferenza stampa a Dimaro, dissi subito che ci dovevamo preparare ad affrontare un&#8217;annata complessa. Ed \u00e8 anche per questo motivo che in passato c&#8217;erano tante voci che parlavano di una mia possibile partenza. lo per\u00f2 ho sempre detto che, quando finira il mio ciclo qui, spero di lasciare una base solida, un gruppo capace di continuare a lottare per dare fastidio alle &#8216;solite note&#8217;: Inter, Juventus e Milan. Sapevo che quest&#8217;anno sarebbe stato difficile. Quando introduci nove, undici giocatori nuovi, non lo fai semplicemente perch\u00e9 hai voglia di spendere soldi, come ho letto da qualche parte. Se non hai i giocatori, sei costretto a implementare la rosa, altrimenti non avrei certo chiesto io di portare dentro undici elementi. E quando inserisci cos\u00ec tanti giocatori \u00e8 inevitabile riscontrare delle difficolt\u00e0 di inserimento: parliamo di undici &#8216;cervelli&#8217; diversi che devono entrare in simbiosi con il gruppo preesistente. \u00c8 inutile negarlo, ci sono state delle difficolta e questo ci ha impedito di affrontare tutte le competizioni con la profondit\u00e0 e la continuit\u00e0 che pensavamo di avere\u201d<\/p>\n<p>Sugli infortuni? \u201cHo sentito parlare di metodologia sugli infortuni, mo a Napoli venivo a cambiare metodologia? Ci sono stati infortuni gravi, purtroppo capitano. Quando accadono tu devi solo essere bravo a gestire la situazione. Noi l&#8217;abbiamo fatto e ci siamo riusciti grazie al lavoro di giocatori come Vergara, Elmas e tanti altri che si sono rivelati giocatori importanti e ci hannop mantenuto in quella posizione. In quel periodo siamo riusciti a vincere la Supercoppa contro Milan, Inter e Bologna, non dimentichiamolo. I ragazzi sanno benissimo della delusione Champions, ci siamo fatti raggiungere per un rigore a Copenaghen e ci ha dato molto fastidio, quella situazione \u00e8 rimasta nello spogliatoio. Grandi applausi a tutti perch\u00e9 tutti hanno dimostrato di sudare la maglia, nei momenti di difficolt\u00e0 bisogna ringraziare le Curve. Non voglio fare il ruffiano, perch\u00e9 le Curve ci hanno aiutato e pagano il biglietto e fanno sacrifici a lavoro per venire in trasferta e seguirci allo stadio. C&#8217;\u00e8 grande singergia con i tifosi che ci sono sempre stati al nostro fianco. Arrivare alle spalle dell&#8217;Inter pu\u00f2 non significare niente, ma anche tanto perch\u00e9 abbiamo fatto due annate.\u201d<\/p>\n<p>Il futuro? \u201cMi lega amicizia con il presidente De Laurentiis, sono arrivato in una situazione nera a Napoli e avevo promesso di lasciare a Napoli qualcosa per il futuro per restare l\u00ec sempre e dare fastidio ogni anno anche senza di me. De Laurentiis sa da 1 mese il mio pensiero, le cose positive e quelle che mi sono piaciute meno. A De Laurentiis sar\u00f2 sempre grato a prescindere perch\u00e9 mi ha dato l&#8217;opportunit\u00e0 di allenare una piazza come Napoli che puoi capirlo solo se alleni, ci vivi e festeggi. A me hanno sempre detto che se vinci a Napoli \u00e8 come se vinci 10 volte in un altro club.\u201d<\/p>\n<p>Su Holjund? \u201cHoljund deve lavorare tanto perch\u00e9 ha ampi margini di crescita, \u00e8 un ragazzo a posto e solare come tutti quelli nello spogliatoio. A questi ragazzi piace stare a Napoli e piace questa passione, McTominay ha raggiunto questa maturit\u00e0 e pu\u00f2 farlo anche Rasmus&#8221;.<\/p>\n","protected":false},"excerpt":{"rendered":"<p>Sulla stagione? &#8220;Per quello che riguarda la stagione, se vi ricordate bene la mia prima conferenza stampa a Dimaro, dissi subito che ci dovevamo preparare ad affrontare un&#8217;annata complessa. Ed \u00e8 anche per questo motivo che in passato c&#8217;erano tante voci che parlavano di una mia possibile partenza. lo per\u00f2 ho sempre detto che, quando<\/p>\n","protected":false},"author":7,"featured_media":6195,"comment_status":"open","ping_status":"open","sticky":false,"template":"","format":"standard","meta":{"pmpro_default_level":"","footnotes":""},"categories":[52],"tags":[1379,66,1416],"class_list":["post-6610","post","type-post","status-publish","format-standard","has-post-thumbnail","category-conferenza-stampa","tag-conte","tag-napoli","tag-pisa","pmpro-has-access"],"_links":{"self":[{"href":"https:\/\/www.timescampania.it\/napoli\/wp-json\/wp\/v2\/posts\/6610","targetHints":{"allow":["GET"]}}],"collection":[{"href":"https:\/\/www.timescampania.it\/napoli\/wp-json\/wp\/v2\/posts"}],"about":[{"href":"https:\/\/www.timescampania.it\/napoli\/wp-json\/wp\/v2\/types\/post"}],"author":[{"embeddable":true,"href":"https:\/\/www.timescampania.it\/napoli\/wp-json\/wp\/v2\/users\/7"}],"replies":[{"embeddable":true,"href":"https:\/\/www.timescampania.it\/napoli\/wp-json\/wp\/v2\/comments?post=6610"}],"version-history":[{"count":0,"href":"https:\/\/www.timescampania.it\/napoli\/wp-json\/wp\/v2\/posts\/6610\/revisions"}],"wp:featuredmedia":[{"embeddable":true,"href":"https:\/\/www.timescampania.it\/napoli\/wp-json\/wp\/v2\/media\/6195"}],"wp:attachment":[{"href":"https:\/\/www.timescampania.it\/napoli\/wp-json\/wp\/v2\/media?parent=6610"}],"wp:term":[{"taxonomy":"category","embeddable":true,"href":"https:\/\/www.timescampania.it\/napoli\/wp-json\/wp\/v2\/categories?post=6610"},{"taxonomy":"post_tag","embeddable":true,"href":"https:\/\/www.timescampania.it\/napoli\/wp-json\/wp\/v2\/tags?post=6610"}],"curies":[{"name":"wp","href":"https:\/\/api.w.org\/{rel}","templated":true}]}}