{"id":6881,"date":"2026-04-07T18:49:48","date_gmt":"2026-04-07T16:49:48","guid":{"rendered":"https:\/\/www.corrieredellacampania.it\/?p=6881"},"modified":"2026-04-07T18:49:48","modified_gmt":"2026-04-07T16:49:48","slug":"6881","status":"publish","type":"post","link":"https:\/\/www.timescampania.it\/napoli\/2026\/04\/07\/6881\/","title":{"rendered":"Ponticelli, raid davanti al bar: 20enne ucciso, killer in fuga"},"content":{"rendered":"<p style=\"text-align: justify\">Un agguato armato all\u2019alba, in strada, tra giovani ancora in giro dopo la notte. \u00c8 morto cos\u00ec <strong>Fabio Ascione<\/strong>, 20 anni, colpito al torace da uno o pi\u00f9 proiettili in via Carlo Miranda, nel quartiere Ponticelli, periferia orientale di <strong>Napoli<\/strong>. Il fatto \u00e8 avvenuto intorno alle 5, nei pressi del <strong>bar Lively<\/strong>. Secondo una prima ricostruzione, ancora in fase di verifica, i responsabili avrebbero aperto il fuoco da uno scooter o da un\u2019auto, senza scendere dal mezzo, per poi darsi alla fuga. In strada erano presenti diversi ragazzi: resta da chiarire se Ascione fosse il bersaglio designato o se sia stato colpito accidentalmente. Il giovane \u00e8 stato soccorso e trasportato d\u2019urgenza all\u2019<strong>Ospedale Villa Betania<\/strong>, dove \u00e8 morto poco dopo l\u2019arrivo nonostante i tentativi dei medici. Nato il 26 marzo 2006, risultava incensurato, elemento che complica la definizione del contesto e del possibile movente.<\/p>\n<p style=\"text-align: justify\">Sul posto sono intervenuti i <strong>Carabinieri<\/strong> del nucleo radiomobile e del nucleo operativo di Poggioreale, che hanno avviato i rilievi e le indagini. Tra le criticit\u00e0, l\u2019assenza di un sistema di videosorveglianza pubblica nell\u2019area: gli investigatori stanno acquisendo eventuali immagini di telecamere private, in particolare quelle dell\u2019esercizio davanti al quale si \u00e8 consumato il raid, oltre ai dati dei lettori di targa presenti nella zona. Le verifiche si concentrano anche sulle frequentazioni della vittima, sugli ultimi contatti e su eventuali tensioni personali. Al momento non emergono collegamenti diretti con ambienti della criminalit\u00e0 organizzata, ma gli inquirenti non escludono alcuna pista: dall\u2019errore di persona a un regolamento di conti, fino a dinamiche maturate in contesti giovanili. L\u2019area in cui \u00e8 avvenuto l\u2019omicidio resta sensibile dal punto di vista criminale. In passato legata al <strong>clan Sarno<\/strong>, oggi \u00e8 considerata sotto l\u2019influenza del <strong>clan De Micco<\/strong>. Tuttavia, allo stato, non ci sono elementi definitivi che colleghino l\u2019agguato a una matrice camorristica. Le indagini proseguono per ricostruire con precisione la dinamica dell\u2019azione e identificare gli autori. Centrale sar\u00e0 l\u2019analisi balistica e la raccolta di testimonianze utili a chiarire cosa sia accaduto nei minuti precedenti e successivi agli spari.<\/p>\n","protected":false},"excerpt":{"rendered":"<p>Un agguato armato all\u2019alba, in strada, tra giovani ancora in giro dopo la notte. \u00c8 morto cos\u00ec Fabio Ascione, 20 anni, colpito al torace da uno o pi\u00f9 proiettili in via Carlo Miranda, nel quartiere Ponticelli, periferia orientale di Napoli. Il fatto \u00e8 avvenuto intorno alle 5, nei pressi del bar Lively. Secondo una prima<\/p>\n","protected":false},"author":14,"featured_media":6882,"comment_status":"open","ping_status":"open","sticky":false,"template":"","format":"standard","meta":{"pmpro_default_level":"","footnotes":""},"categories":[64],"tags":[833,537,834,835,836,218],"class_list":["post-6881","post","type-post","status-publish","format-standard","has-post-thumbnail","category-cronaca-nazionale","tag-bar-lively","tag-carabinieri","tag-clan-de-micco","tag-clan-sarno","tag-fabio-ascione","tag-omicidio","pmpro-has-access"],"_links":{"self":[{"href":"https:\/\/www.timescampania.it\/napoli\/wp-json\/wp\/v2\/posts\/6881","targetHints":{"allow":["GET"]}}],"collection":[{"href":"https:\/\/www.timescampania.it\/napoli\/wp-json\/wp\/v2\/posts"}],"about":[{"href":"https:\/\/www.timescampania.it\/napoli\/wp-json\/wp\/v2\/types\/post"}],"author":[{"embeddable":true,"href":"https:\/\/www.timescampania.it\/napoli\/wp-json\/wp\/v2\/users\/14"}],"replies":[{"embeddable":true,"href":"https:\/\/www.timescampania.it\/napoli\/wp-json\/wp\/v2\/comments?post=6881"}],"version-history":[{"count":0,"href":"https:\/\/www.timescampania.it\/napoli\/wp-json\/wp\/v2\/posts\/6881\/revisions"}],"wp:featuredmedia":[{"embeddable":true,"href":"https:\/\/www.timescampania.it\/napoli\/wp-json\/wp\/v2\/media\/6882"}],"wp:attachment":[{"href":"https:\/\/www.timescampania.it\/napoli\/wp-json\/wp\/v2\/media?parent=6881"}],"wp:term":[{"taxonomy":"category","embeddable":true,"href":"https:\/\/www.timescampania.it\/napoli\/wp-json\/wp\/v2\/categories?post=6881"},{"taxonomy":"post_tag","embeddable":true,"href":"https:\/\/www.timescampania.it\/napoli\/wp-json\/wp\/v2\/tags?post=6881"}],"curies":[{"name":"wp","href":"https:\/\/api.w.org\/{rel}","templated":true}]}}