{"id":7409,"date":"2024-09-27T00:04:49","date_gmt":"2024-09-26T22:04:49","guid":{"rendered":"https:\/\/corrieredelmattino.com\/?p=2418"},"modified":"2024-09-27T00:04:49","modified_gmt":"2024-09-26T22:04:49","slug":"post-napoli-palermo-contecontento-della-risposta-del-gruppo-ora-testa-al-monza","status":"publish","type":"post","link":"https:\/\/www.timescampania.it\/napoli\/2024\/09\/27\/post-napoli-palermo-contecontento-della-risposta-del-gruppo-ora-testa-al-monza\/","title":{"rendered":"Post Napoli-Palermo, Conte:\u201cContento della risposta del gruppo, ora testa al Monza!\u201d"},"content":{"rendered":"<p><strong>Antonio Conte <\/strong>\u00e8 intervenuto nella sala conferenze dello <strong>Stadio Maradona <\/strong>per commentare il match di <strong>Coppa Italia <\/strong>da poco concluso. Ecco le sue dichiarazioni ufficiali.<\/p>\n<p><strong>Sul miglioramento della squadra rispetto alla partenza di Verona:<\/strong><br \/>\n&#8220;Sono passati due mesi e mezzo dal ritiro. Il lavoro deve pagare, stiamo lavorando tanto sotto ogni punto di vista. Ho a disposizione ragazzi perbene, come vi ho sempre detto, che hanno voglia di ricostruire qualcosa di importante a Napoli. Questo facilita il mio compito. Non dobbiamo dimenticare che la prima parte l&#8217;abbiamo fatta con una rosa ridotta ai minimi termini, con due soli centrocampisti, i nuovi da inserire in pochissimi giorni. E&#8217; stato un handicap e non dovr\u00e0 ricapitare, avere i giocatori a disposizione ti cambia la sostanza, anche tatticamente puoi fare valutazioni che ora io posso fare solo in corso d&#8217;opera, in gare ufficiali. Oggi \u00e8 stata una scelta mia, anche rischiosa, per vedere tutti i giocatori coinvolti nel progetto e per avere risposte. La cosa pi\u00f9 bella \u00e8 la risposta ricevuta, sono cambiati gli interpreti ma lo spartito \u00e8 stato suonato allo stesso modo. Questo ci deve dare consapevolezza, \u00e8 la base sulla quale ripartire\u201d.<\/p>\n<p><strong>La disponibilit\u00e0 dei ragazzi \u00e8 la sua pi\u00f9 bella vittoria?<\/strong><br \/>\n&#8220;L&#8217;ho riscontata da subito a Dimaro, dal primo giorno. Poi sapete benissimo che serve sostanza in quello che proponi, se rimani a fare il fumo poi quello svanisce. Anche sul lavoro, sulla mentalit\u00e0, sulla determinazione, sono degli step che stiamo facendo. Sono molto contento, ma l&#8217;ho detto da tempo, si \u00e8 creata gi\u00e0 una bella sinergia, pure tra loro, sento energia positiva. Loro sanno che io non regalo nulla, devono meritarsi tutto, chi \u00e8 sceso in campo non \u00e8 per donazioni gratuite, ma perch\u00e9 ero convinto di questa squadra e dello spartito suonato. Ho provato anche Gilmour con Lobo, sono cose che stiamo provando in corso d&#8217;opera, ora continuiamo, siamo all&#8217;inizio di questa bella ricostruzione, ma non andiamo dietro gli eccessi. Noi dobbiamo stare zitti, testa bassa, gi\u00e0 col Monza avremo difficolt\u00e0&#8221;.<\/p>\n<p><strong>Chi l&#8217;ha colpita di pi\u00f9 in particolare?<\/strong><br \/>\n&#8220;Fare dei nomi \u00e8 difficile, cos\u00ec come chiamarle seconde linee, gi\u00e0 da calciatore mi infastidiva. E&#8217; un gruppo di 24-25 giocatori con i portieri, tutti stanno crescendo, non solo tecnicamente e tatticamente, ma anche fisicamente. Ero dispiaciuto perch\u00e9 non avevo trovato il modo di inserire Zerbin, mentre Folorunsho ha avuto un attacco influenzale. Voglio dare soddisfazione ai ragazzi che mi stanno dando tutto e quindi faccio il nome di Zerbin che ha dimostrato che\u00a0ci pu\u00f2 stare benissimo in questa rosa. C&#8217;\u00e8 tanta strada da fare, ma quest&#8217;energia mi piace&#8221;.<\/p>\n<p><strong>Su Gilmour<\/strong>: &#8220;Mi ha convinto la prestazione, ma non mi ha sorpreso, lo conosco bene dalla mia esperienza inglese. L&#8217;abbiamo voluto fortemente, ha determinate caratteristiche, \u00e8 un giocatore forte, cos\u00ec come gli altri nuovi. Tu vedi Lobotka e Gilmour, perdi qualcosa come struttura, ma ci lavoriamo tanto, poi pure Frank ha fatto bene con Billy. Bisogna creare soluzioni se qualcuno viene mal di testa o mal di pancia, cos\u00ec non vengono a me&#8221;.<\/p>\n<p><strong>Su Rafa Marin:<\/strong><br \/>\n&#8220;E&#8217; un ragazzo che si \u00e8 \u00a0applicato\u00a0 molto, \u00e8 cresciuto tanto fisicamente in questi due mesi e mezzo. Sta lavorando tanto, mi piace la sua applicazione, \u00e8 molto serio, gli chiedo di cercare di migliorare nella costruzione e ci lavoriamo. In una squadra come il Napoli, al di l\u00e0 della difesa, devi costruire tanto perch\u00e9 noi giochiamo, ma sono contento, ha 21 anni ed ha ampi margini di crescita, ha fatto un bel salto qui ma ha grande voglia di emergere&#8221;.<\/p>\n<p><strong>Sul match col Monza:<\/strong><br \/>\n&#8220;S\u00ec, si parler\u00e0 di grande Napoli, tutto sar\u00e0 all&#8217;eccesso e poi ci riporteranno alla realt\u00e0 domenica. Avremo difficolt\u00e0, dovremo essere bravi, io anche, a fare in modo che da domani ci sia la concentrazione sul Monza, la nostra prossima gara della vita. Abbiamo fatto bene, era nostro dovere, ma ora c&#8217;\u00e8 una gara importante&#8221;.<\/p>\n","protected":false},"excerpt":{"rendered":"<p>Antonio Conte \u00e8 intervenuto nella sala conferenze dello Stadio Maradona per commentare il match di Coppa Italia da poco concluso. Ecco le sue dichiarazioni ufficiali. Sul miglioramento della squadra rispetto alla partenza di Verona: &#8220;Sono passati due mesi e mezzo dal ritiro. Il lavoro deve pagare, stiamo lavorando tanto sotto ogni punto di vista. Ho<\/p>\n","protected":false},"author":7,"featured_media":7477,"comment_status":"open","ping_status":"open","sticky":false,"template":"","format":"standard","meta":{"pmpro_default_level":"","footnotes":""},"categories":[52],"tags":[],"class_list":["post-7409","post","type-post","status-publish","format-standard","has-post-thumbnail","category-conferenza-stampa","pmpro-has-access"],"_links":{"self":[{"href":"https:\/\/www.timescampania.it\/napoli\/wp-json\/wp\/v2\/posts\/7409","targetHints":{"allow":["GET"]}}],"collection":[{"href":"https:\/\/www.timescampania.it\/napoli\/wp-json\/wp\/v2\/posts"}],"about":[{"href":"https:\/\/www.timescampania.it\/napoli\/wp-json\/wp\/v2\/types\/post"}],"author":[{"embeddable":true,"href":"https:\/\/www.timescampania.it\/napoli\/wp-json\/wp\/v2\/users\/7"}],"replies":[{"embeddable":true,"href":"https:\/\/www.timescampania.it\/napoli\/wp-json\/wp\/v2\/comments?post=7409"}],"version-history":[{"count":0,"href":"https:\/\/www.timescampania.it\/napoli\/wp-json\/wp\/v2\/posts\/7409\/revisions"}],"wp:featuredmedia":[{"embeddable":true,"href":"https:\/\/www.timescampania.it\/napoli\/wp-json\/wp\/v2\/media\/7477"}],"wp:attachment":[{"href":"https:\/\/www.timescampania.it\/napoli\/wp-json\/wp\/v2\/media?parent=7409"}],"wp:term":[{"taxonomy":"category","embeddable":true,"href":"https:\/\/www.timescampania.it\/napoli\/wp-json\/wp\/v2\/categories?post=7409"},{"taxonomy":"post_tag","embeddable":true,"href":"https:\/\/www.timescampania.it\/napoli\/wp-json\/wp\/v2\/tags?post=7409"}],"curies":[{"name":"wp","href":"https:\/\/api.w.org\/{rel}","templated":true}]}}