{"id":7410,"date":"2024-09-29T23:56:06","date_gmt":"2024-09-29T21:56:06","guid":{"rendered":"https:\/\/corrieredelmattino.com\/?p=2457"},"modified":"2024-09-29T23:56:06","modified_gmt":"2024-09-29T21:56:06","slug":"post-napoli-vs-monza-conteinnamorato-di-questa-squadra","status":"publish","type":"post","link":"https:\/\/www.timescampania.it\/napoli\/2024\/09\/29\/post-napoli-vs-monza-conteinnamorato-di-questa-squadra\/","title":{"rendered":"Post Napoli vs Monza, Conte:\u201dInnamorato di questa squadra!\u201d"},"content":{"rendered":"<p><strong>Antonio Conte, <\/strong>dalla sala conferenze dello <strong>Stadio Maradona<\/strong>, risponde alle domande della stampa nel post-partita di Napoli 2-0 Monza. Ecco le dichiarazioni dell\u2019allenatore azzurro.<\/p>\n<p><strong>Sulla classifica:\u00a0<\/strong><em>&#8220;Abbiamo avuto un calendario, a parte lo scontro diretto con Juve e Bologna, abbastanza non impegnativo. Fa piacere, perch\u00e9 siamo partiti con l\u2019handicap della sconfitta, e ora abbiamo messo fieno in cascina per i momenti pi\u00f9 duri. Siamo contenti per il lavoro che facciano, vedo nei ragazzi una grande voglia di migliorare. Per me questa \u00e8 la gioia pi\u00f9 grande al di l\u00e0 della classifica&#8221;.<\/em><\/p>\n<p><strong>Sull\u2019equilibrio ritrovato: <\/strong><em>&#8220;L&#8217;equilibrio parte sempre dalla disponibilit\u00e0 dei giocatori al di l\u00e0 del modulo e della vari situazioni. La voglia di lavorare in fase offensiva e difensiva ti permette di avere questo equilibrio. Non so se avete visto il lavoro che ha fatto Politano. E&#8217; la dimostrazione che l&#8217;io viene messo a disposizione della squadra sacrificando anche delle proprie caratteristiche. Matteo ha fatto una grandissima partita non perdendo qualit\u00e0 in fase offensiva. Scott e Neres sono arrivati a fine mercato, avremmo potuto provare altro prima. Con la Juve abbiamo rischiato cambiando sistema, ma questa squadra pu\u00f2 fare pi\u00f9 moduli. Oggi ho visto un po&#8217; di appagamento e per questo ho cambiato&#8221;.<\/em><\/p>\n<p><strong>Dopo il tweet:<em>\u00a0<\/em><\/strong><em>&#8220;Dobbiamo continuare a fare quello che stiamo facendo. Io di questa squadra sono gi\u00e0 innamorato, \u00e8 un gruppo di ragazzi e non lo dico per piangeria, molto disponibile. Tutti ragazzi per bene, si sta creando un bell&#8217;entusiasmo. Capisco tutto, ma dobbiamo lavorare per fare diventare realt\u00e0 i sogni dei tifosi. Al tempo stesso devo essere molto realista, siccome ho un minimo di esperienza dico che dobbiamo viaggiare con i piedi per terra e non guardare gli altri. Oggi all&#8217;inizio ho visto un po&#8217; di nervosismo, penso che i ragazzi percepivano che vincendo potevamo andare in testa. Dovevamo vincere giocando dopo, avevamo una pressione, anche questi sono step da fare per essere competitivi&#8221;.<\/em><\/p>\n<p><strong>McTominay quasi seconda punta:\u00a0<\/strong><em>&#8220;In campo non accade mai qualcosa per caso, sono soluzione studiate per mettere in difficolt\u00e0 l&#8217;avversario. Scott \u00e8 un giocatore completo che pu\u00f2 fare il trequartista, la mezzala e il centrale di centrocampo. E&#8217; molto duttile e sicuramente un grandissimo giocatore&#8221;.<\/em><\/p>\n<p><strong>Sui cambi ritardati:<\/strong><em>\u00a0&#8220;Sicuramente ero soddisfatto dal rendimento della gara, il Monza non ci aveva creato problemi. Quando vedi che c&#8217;\u00e8 un buon equilibrio fare dei cambi giusto per farli non ne vedo il motivo. Ho fatto i cambi con un obiettivo, Politano stava facendo una grande partita. Tutto viene fatto per non rompere l&#8217;equilibrio, oggi non vedevo la necessit\u00e0 di cambiare&#8221;.<\/em><\/p>\n","protected":false},"excerpt":{"rendered":"<p>Antonio Conte, dalla sala conferenze dello Stadio Maradona, risponde alle domande della stampa nel post-partita di Napoli 2-0 Monza. Ecco le dichiarazioni dell\u2019allenatore azzurro. Sulla classifica:\u00a0&#8220;Abbiamo avuto un calendario, a parte lo scontro diretto con Juve e Bologna, abbastanza non impegnativo. Fa piacere, perch\u00e9 siamo partiti con l\u2019handicap della sconfitta, e ora abbiamo messo fieno<\/p>\n","protected":false},"author":7,"featured_media":7464,"comment_status":"open","ping_status":"open","sticky":false,"template":"","format":"standard","meta":{"pmpro_default_level":"","footnotes":""},"categories":[52],"tags":[],"class_list":["post-7410","post","type-post","status-publish","format-standard","has-post-thumbnail","category-conferenza-stampa","pmpro-has-access"],"_links":{"self":[{"href":"https:\/\/www.timescampania.it\/napoli\/wp-json\/wp\/v2\/posts\/7410","targetHints":{"allow":["GET"]}}],"collection":[{"href":"https:\/\/www.timescampania.it\/napoli\/wp-json\/wp\/v2\/posts"}],"about":[{"href":"https:\/\/www.timescampania.it\/napoli\/wp-json\/wp\/v2\/types\/post"}],"author":[{"embeddable":true,"href":"https:\/\/www.timescampania.it\/napoli\/wp-json\/wp\/v2\/users\/7"}],"replies":[{"embeddable":true,"href":"https:\/\/www.timescampania.it\/napoli\/wp-json\/wp\/v2\/comments?post=7410"}],"version-history":[{"count":0,"href":"https:\/\/www.timescampania.it\/napoli\/wp-json\/wp\/v2\/posts\/7410\/revisions"}],"wp:featuredmedia":[{"embeddable":true,"href":"https:\/\/www.timescampania.it\/napoli\/wp-json\/wp\/v2\/media\/7464"}],"wp:attachment":[{"href":"https:\/\/www.timescampania.it\/napoli\/wp-json\/wp\/v2\/media?parent=7410"}],"wp:term":[{"taxonomy":"category","embeddable":true,"href":"https:\/\/www.timescampania.it\/napoli\/wp-json\/wp\/v2\/categories?post=7410"},{"taxonomy":"post_tag","embeddable":true,"href":"https:\/\/www.timescampania.it\/napoli\/wp-json\/wp\/v2\/tags?post=7410"}],"curies":[{"name":"wp","href":"https:\/\/api.w.org\/{rel}","templated":true}]}}