{"id":7417,"date":"2025-10-21T23:59:53","date_gmt":"2025-10-21T21:59:53","guid":{"rendered":"https:\/\/www.corrieredellacampania.it\/calcionapoli.online\/?p=5984"},"modified":"2025-10-21T23:59:53","modified_gmt":"2025-10-21T21:59:53","slug":"conte-post-psv-6-2-napoli-bisogna-ritrovare-lo-spirito-dellanno-scorso","status":"publish","type":"post","link":"https:\/\/www.timescampania.it\/napoli\/2025\/10\/21\/conte-post-psv-6-2-napoli-bisogna-ritrovare-lo-spirito-dellanno-scorso\/","title":{"rendered":"Conte, post Psv 6-2 Napoli: &#8220;Bisogna ritrovare lo spirito dell&#8217;anno scorso&#8221;"},"content":{"rendered":"<p>Dopo la brutta figura rimedita in Champions League, dove il Napoli \u00e8 stato travolto 6-2 dal Psv, Antonio Conte ha cercato di analizzare la gara, e cosa \u00e8 andato storto, in conferenza stampa:<\/p>\n<p>Cosa succede alla mia squadra? &#8220;Sul secondo gol la palla l&#8217;avevamo presa, ci\u00f2 che abbiamo fatto successivamente sono stati tanti errori e sono partiti in contropiede. Per la fase difensiva dico che quando concedi i gol concessi oggi, fai fatica a dare delle spiegazioni e ci sono degli errori anche dei singoli e non di squadra. Noi lo scorso anno abbiamo giocato solo il campionato e siamo stati bravi e fortunati ad avere quasi sempre la formazione titolare in difesa. C&#8217;erano meccanismi abbastanza consolidati su cui lavorare in settimana, quest&#8217;anno per via di alcuni infortuni abbiamo dovuto far fronte a tante situazioni nuove, recuperare i giocatori velocemente. Sicuramente lo scorso anno c&#8217;era pi\u00f9 stabilit\u00e0, a livello sia di formazione sia di decisioni. Quest&#8217;anno per via di infortuni stiamo inserendo ragazzi presi per aiutarci, ci sta. Con lo Sporting abbiamo giocato con una difesa nuova, lo scorso anno Rrahmani ha giocato 38 partite e oggi solo due. Buongiorno si \u00e8 rivisto con due partite e oggi era titolare. Quello che c&#8217;\u00e8 da fare \u00e8 da lavorare, inserire i nuovi e fargli capire quanto prima le cose. Ci vorr\u00e0 un po&#8217; di tempo e pazienza.&#8221;<\/p>\n<p>Una partitaccia che pu\u00f2 capitare o c&#8217;\u00e8 qualcosa che mi preoccupa? &#8220;Tutte le partite devono essere analizzate, se la cataloghi come una serata negativa ti prepari a prenderne un&#8217;altra. Bisogna fare valutazioni, i ragazzi sanno cosa penso e glielo dico in maniera spontanea. Penso che bisogna ritrovare lo spirito dell&#8217;anno scorso, quello che ci ha permesso di andare oltre i nostri limiti, io per primo. Bisogna tornare a ricreare l&#8217;alchimia creata, non \u00e8 semplice inserire nove giocatori ed \u00e8 sbagliato inserire cos\u00ec tanti giocatori in un gruppo, ma non potevamo fare altrimenti: sono nove teste nuove dentro un vecchio sistema che funzionava benissimo. Non \u00e8 semplice, dovremo essere bravi, tutti farci un bagno d&#8217;umilt\u00e0 e capire che ci saranno grandi difficolt\u00e0. lo ve lo sto dicendo in tutte le salse, ora smetto perch\u00e8 non c&#8217;\u00e8 peggior sordo di chi non vuole sentire. Per\u00f2 ho l&#8217;esperienza per dire di valutare tutta la situazione: qualcuno sta vendendo fumo, getta fumo negli occhi a Napoli, in una piazza a cui non bisogna buttare fumo negli occhi ma dire la verit\u00e0. Se qualcuno la vede diversamente da me lo posso accettare, ma sono a capo di questo gruppo: con il club abbiamo condiviso delle scelte, ribadisco che quest&#8217;anno sar\u00e0 un&#8217;annata ma molto complessa e oggi la partita ci deve dare un&#8217;accelerata per tornare. Con i vecchi ad essere io per primo quelli dell&#8217;anno scorso, i nuovi ad inserirsi con umilt\u00e0, in silenzio, e lavorare.&#8221;<\/p>\n<p>McTominay? &#8220;Le glorie personali non mi interessano, mi interessano zero, Quello che deve fare lui con gli altri, io per primo, alzare i giri un&#8217;altra volta. Tutti, i vecchi e i nuovi. Sar\u00e0 un&#8217;annata super difficoltosa, ve lo sto dicendo chiaramente: chi vuole dire che metto le mani avanti lo dica pure, ho l&#8217;esperienza per dire che dovremo essere bravi a gestire una situazione complessa per molti motivi. Stavolta \u00e8 capitata questa sconfitta, non \u00e8 il primo segnale: ce ne sono diversi che arrivano, mi auguro che provochi dolore a tutti come a me. Mi auguro che acceleri questo processo di ritorno al passato.&#8221;<\/p>\n<p>Lucca? &#8220;I vecchi devono alzare i giri come i nuovi, non c&#8217;\u00e8 X Y o Z. Dobbiamo alzare tutti i giri, al di l\u00e0 dell&#8217;espulsione. Se vogliamo crescere e costruire qualcosa che possa rendere orgogliosa Napoli, dobbiamo capire che bisogna ritrovare quello spirito e quella compattezza che avevamo lo scorso anno con un solo obiettivo, senza obiettivi personali, situazioni egoistiche, ma una sola visione: Napoli. Deve tornare ad essere questa, il bene del Napoli, non il mio o il bene di questo giocatore o di un altro. Il bene di un singolo non serve a niente, per via di tante cose montate e spinte si sono create situazioni spudorate che mi hanno divertito. Napoli ed i napoletani no devono essere presi per il culo&#8221;<\/p>\n","protected":false},"excerpt":{"rendered":"<p>Dopo la brutta figura rimedita in Champions League, dove il Napoli \u00e8 stato travolto 6-2 dal Psv, Antonio Conte ha cercato di analizzare la gara, e cosa \u00e8 andato storto, in conferenza stampa: Cosa succede alla mia squadra? &#8220;Sul secondo gol la palla l&#8217;avevamo presa, ci\u00f2 che abbiamo fatto successivamente sono stati tanti errori e<\/p>\n","protected":false},"author":7,"featured_media":5985,"comment_status":"open","ping_status":"open","sticky":false,"template":"","format":"standard","meta":{"pmpro_default_level":"","footnotes":""},"categories":[52],"tags":[1413,1379,66],"class_list":["post-7417","post","type-post","status-publish","format-standard","has-post-thumbnail","category-conferenza-stampa","tag-champions-league","tag-conte","tag-napoli","pmpro-has-access"],"_links":{"self":[{"href":"https:\/\/www.timescampania.it\/napoli\/wp-json\/wp\/v2\/posts\/7417","targetHints":{"allow":["GET"]}}],"collection":[{"href":"https:\/\/www.timescampania.it\/napoli\/wp-json\/wp\/v2\/posts"}],"about":[{"href":"https:\/\/www.timescampania.it\/napoli\/wp-json\/wp\/v2\/types\/post"}],"author":[{"embeddable":true,"href":"https:\/\/www.timescampania.it\/napoli\/wp-json\/wp\/v2\/users\/7"}],"replies":[{"embeddable":true,"href":"https:\/\/www.timescampania.it\/napoli\/wp-json\/wp\/v2\/comments?post=7417"}],"version-history":[{"count":0,"href":"https:\/\/www.timescampania.it\/napoli\/wp-json\/wp\/v2\/posts\/7417\/revisions"}],"wp:featuredmedia":[{"embeddable":true,"href":"https:\/\/www.timescampania.it\/napoli\/wp-json\/wp\/v2\/media\/5985"}],"wp:attachment":[{"href":"https:\/\/www.timescampania.it\/napoli\/wp-json\/wp\/v2\/media?parent=7417"}],"wp:term":[{"taxonomy":"category","embeddable":true,"href":"https:\/\/www.timescampania.it\/napoli\/wp-json\/wp\/v2\/categories?post=7417"},{"taxonomy":"post_tag","embeddable":true,"href":"https:\/\/www.timescampania.it\/napoli\/wp-json\/wp\/v2\/tags?post=7417"}],"curies":[{"name":"wp","href":"https:\/\/api.w.org\/{rel}","templated":true}]}}