{"id":7421,"date":"2026-03-20T21:18:11","date_gmt":"2026-03-20T20:18:11","guid":{"rendered":"https:\/\/www.corrieredellacampania.it\/calcionapoli.online\/?p=6506"},"modified":"2026-03-20T21:18:11","modified_gmt":"2026-03-20T20:18:11","slug":"cagliari-0-1-napoli-conte-contento-per-la-vittoria-prima-della-sosta","status":"publish","type":"post","link":"https:\/\/www.timescampania.it\/napoli\/2026\/03\/20\/cagliari-0-1-napoli-conte-contento-per-la-vittoria-prima-della-sosta\/","title":{"rendered":"Cagliari 0-1 Napoli, Conte: \u201cContento per la vittoria prima della sosta\u201d"},"content":{"rendered":"<p>Dopo la quarta vittoria consecutiva, maturata sul campo del Cagliari per 0-1. Mister Conte \u00e8 intervenuto, come di consueto, in conferenza stampa, al termine della partita. <\/p>\n<p>Di seguito le dichiarazioni del tecnico azzurro: <\/p>\n<p>Vittoria fondamentale. \u201cSapevamo dell&#8217;importanza di questi tre punti, perch\u00e9 questi tre punti prima della sosta ci aiutano a consolidare la zona Champions. Siamo stati bravi ad indirizzare subito la<br \/>\npartita, ma potevamo fare meglio. Dobbiamo essere pi\u00f9 cinici, andando sullo 0-2 potevamo essere pi\u00f9 tranquilli e invece nei minuti finali non ce lavevamo: una palla lunga, una mischia in area, puoi pareggiare e buttare via due punti. Siamo stati bravi, sono contento di quello che stiamo facendo: ribadisco, la cosa straordinaria l&#8217;abbiamo fatta in questi sette mesi, con grandissime emergenze siamo riusciti a stare li sopra. Ora stanno rientrando un po&#8217; tutti, i lungodegenti non sono ancora al top della forma ma averli tutti mi d\u00e0 la possibilt\u00e0 di cambiare, di dare nuova linfa ed energia e qualit\u00e0 a partita in corso.\u201d<\/p>\n<p>McTominay e De Bruyne dietro Hojlund? \u201cII discorso non \u00e8 nuovo, giocando come stiamo giocando con questo quadrilatero a centrocampo, pu\u00f2 giocare Lobotka con Anguissa, Lobotka con Gilmour, Elmas con Lobotka, il doppio play c&#8217;\u00e8 sempre stato. Poi possono cambiare i calciatori, per\u00f2 il concetto rimane uguale nei movimenti ed in ci\u00f2 che si deve fare. Inevitabile che si possa perdere fisicit\u00e0 senza McTominay e Anguissa nei due, o lo stesso Elmas, ma magari acquisti qualit\u00e0 nel palleggio. Per\u00f2 il doppio play l&#8217;abbiamo sempre usato, il quadrilatero lo stiamo giocando da dopo la sosta di novembre, e continueremo cos\u00ec perch\u00e8 mi piace.\u201d<\/p>\n<p>Porta imbattuta? \u201cSono contento per la quarta vittoria consecutiva che arriva prima della sosta, dopo Bologna stemmo due settimane arrabbiati. Ora ci godiamo questi quindici giorni prima del Milan, al tempo stesso finalmente \u00e8 arrivato un clean sheet: siamo stati bravi a non far tirare in porta, ma un po&#8217; meno contento della parte realizzativa perch\u00e8 dobbiamo essere pi\u00f9 bravi, qualitativi e cinici sotto porta\u201d<\/p>\n","protected":false},"excerpt":{"rendered":"<p>Dopo la quarta vittoria consecutiva, maturata sul campo del Cagliari per 0-1. Mister Conte \u00e8 intervenuto, come di consueto, in conferenza stampa, al termine della partita. Di seguito le dichiarazioni del tecnico azzurro: Vittoria fondamentale. \u201cSapevamo dell&#8217;importanza di questi tre punti, perch\u00e9 questi tre punti prima della sosta ci aiutano a consolidare la zona Champions.<\/p>\n","protected":false},"author":7,"featured_media":6195,"comment_status":"open","ping_status":"open","sticky":false,"template":"","format":"standard","meta":{"pmpro_default_level":"","footnotes":""},"categories":[52],"tags":[1379,66],"class_list":["post-7421","post","type-post","status-publish","format-standard","has-post-thumbnail","category-conferenza-stampa","tag-conte","tag-napoli","pmpro-has-access"],"_links":{"self":[{"href":"https:\/\/www.timescampania.it\/napoli\/wp-json\/wp\/v2\/posts\/7421","targetHints":{"allow":["GET"]}}],"collection":[{"href":"https:\/\/www.timescampania.it\/napoli\/wp-json\/wp\/v2\/posts"}],"about":[{"href":"https:\/\/www.timescampania.it\/napoli\/wp-json\/wp\/v2\/types\/post"}],"author":[{"embeddable":true,"href":"https:\/\/www.timescampania.it\/napoli\/wp-json\/wp\/v2\/users\/7"}],"replies":[{"embeddable":true,"href":"https:\/\/www.timescampania.it\/napoli\/wp-json\/wp\/v2\/comments?post=7421"}],"version-history":[{"count":0,"href":"https:\/\/www.timescampania.it\/napoli\/wp-json\/wp\/v2\/posts\/7421\/revisions"}],"wp:featuredmedia":[{"embeddable":true,"href":"https:\/\/www.timescampania.it\/napoli\/wp-json\/wp\/v2\/media\/6195"}],"wp:attachment":[{"href":"https:\/\/www.timescampania.it\/napoli\/wp-json\/wp\/v2\/media?parent=7421"}],"wp:term":[{"taxonomy":"category","embeddable":true,"href":"https:\/\/www.timescampania.it\/napoli\/wp-json\/wp\/v2\/categories?post=7421"},{"taxonomy":"post_tag","embeddable":true,"href":"https:\/\/www.timescampania.it\/napoli\/wp-json\/wp\/v2\/tags?post=7421"}],"curies":[{"name":"wp","href":"https:\/\/api.w.org\/{rel}","templated":true}]}}