{"id":7451,"date":"2025-12-11T00:03:25","date_gmt":"2025-12-10T23:03:25","guid":{"rendered":"https:\/\/www.corrieredellacampania.it\/calcionapoli.online\/?p=6167"},"modified":"2025-12-11T00:03:25","modified_gmt":"2025-12-10T23:03:25","slug":"champions-conte-ci-sara-da-soffrire-ma-siamo-pronti","status":"publish","type":"post","link":"https:\/\/www.timescampania.it\/napoli\/2025\/12\/11\/champions-conte-ci-sara-da-soffrire-ma-siamo-pronti\/","title":{"rendered":"Champions, Conte: &#8220;Ci sar\u00e0 da soffrire ma siamo pronti&#8221;"},"content":{"rendered":"<p style=\"text-align: justify\">\u00c8 stata un\u2019altra notte da dimenticare per gli <strong>azzurri<\/strong>, travolti da un <strong>Benfica<\/strong> solido, organizzato e terribilmente cinico. Il percorso del <strong>Napoli<\/strong> in Champions continua a trasformarsi in un <strong>incubo<\/strong>: una serie di <strong>prestazioni<\/strong> opache, errori ripetuti e risultati che raccontano di un cammino finora disastroso. <strong>Antonio Conte<\/strong> ha analizzato le criticit\u00e0 del match in <strong>conferenza stampa<\/strong>. Ecco le sue parole.<\/p>\n<p style=\"text-align: justify\"><strong>Sulla sconfitta:<\/strong><\/p>\n<p>&#8220;Non lo considero un passo falso. Non posso considerarlo tale. I ragazzi hanno comunque dato tutto quello che avevano oggi. Sicuramente si \u00e8 vista una differenza di energie proprio fisica e mentale tra noi e il Benfica. Non dimentichiamo che loro hanno giocato venerd\u00ec, hanno avuto due giorni in pi\u00f9 a disposizione. Noi veniamo da partite ogni tre giorni con giocatori che hanno accumulato partite. Prima o poi le paghi queste cose, \u00e8 inevitabile. C&#8217;\u00e8 poco da fare. Subentra stanchezza fisica e mentale. Poi abbiamo comunque provato fino alla fine, c&#8217;\u00e8 stata grande generosit\u00e0 da parte della squadra ma non eravamo lucidissimi. Ci sta. Ne dobbiamo prendere atto. Ora dobbiamo recuperare quanta prima, torneremo stanotte alle 04.00. I ragazzi staranno con le famiglie e riprenderemo venerd\u00ec poich\u00e9 molti dovranno rigiocare la settima partita in pochi giorni&#8221;.<\/p>\n<p style=\"text-align: justify\"><strong>Sulla gestione della competizione:<\/strong><\/p>\n<p>&#8220;Si pu\u00f2 gestire se ampli la rosa con una squadra di 20- 22 giocatori. Noi abbiamo provato a fare questo portando nove giocatori nuovi. I| problema \u00e8 che sette sono infortunati. Non \u00e8 difficolt\u00e0 di gestire la doppia competizione. Sicuramente oggi ci \u00e8 difficile perch\u00e9 siamo pochi e lo saremo ancora per un bel po&#8217; di tempo. Questo \u00e8 un problema che sapete gi\u00e0, I&#8217;ho detto gi\u00e0 quando abbiamo vinto nelle cinque partite precedenti. Quello che mi preoccupa di meno \u00e8 che questi ragazzi stanno dando tutto e saranno pronti a dare tutto |l calo poi \u00e8 fisiologico, veniamo comunque da cinque partite giocate contro squadre anche forti. C&#8217;\u00e8 solo da recuperare e sperare. Speriamo di poter recuperare Lobotka e Gutierrez, per gli altri ci vorr\u00e0 tempo. Vediamo quando rientrer\u00e0 Lukaku ma ancora non si \u00e8 allenato con noi&#8221;.<\/p>\n<p style=\"text-align: justify\"><strong>Sulla qualificazione e i tempi di recupero di Lobotka e Gutierrez:<\/strong><\/p>\n<p>&#8220;Sarebbe stato gi\u00e0 molto difficile parlare di qualificazione agli ottavi viste le squadre che partecipano alla Champions, poi c&#8217;\u00e8 sempre qualche sorpresa in positivo e negativo come accaduto lo scorso anno. Molte big hanno dovuto fare i playoff. Quello che posso dire \u00e8 che oggi abbiamo persa la partita, c&#8217;\u00e8 stata generosit\u00e0 da parte nostra ma il Benfica aveva qualcosa in pi\u00f9 rispetto a noi. Ci sar\u00e0 da affrontare questa situazione per un periodo lungo e la stiamo gi\u00e0 affrontando da un mese. Dovremmo essere bravi, uniti e compatti. Ci sar\u00e0 da soffrire ma siamo pronti. Per Lobotka e Gutierrez, non dovrebbe essere una cosa lunga per entrambi. Quindi non so se per Udine saranno pronti, non penso, ma se ci sar\u00e0 qualche bella notizia la coglieremo. Altrimenti andremo in battaglia con questo gruppo di ragazzi che vanno solo ringraziati&#8221;.<\/p>\n<p style=\"text-align: justify\"><strong>Sottovalutato il Benfica?<\/strong><\/p>\n<p>&#8220;Ho visto anche io le statistiche. Noi abbiamo tirato due volte ma il Benfica cinque. Non ci ha sorpreso n\u00e9 abbiamo sottovalutato il Benfica. Oggi eravamo questi, cos\u00ec come lo eravamo in queste precedenti vittorie. Sottovalutare significa essere ignoranti, noi non lo siamo e non siamo nemmeno presuntuosi. Il Benfica \u00e8 un&#8217;ottima squadra con buonissimi giocatori&#8221;.<\/p>\n","protected":false},"excerpt":{"rendered":"<p>\u00c8 stata un\u2019altra notte da dimenticare per gli azzurri, travolti da un Benfica solido, organizzato e terribilmente cinico. Il percorso del Napoli in Champions continua a trasformarsi in un incubo: una serie di prestazioni opache, errori ripetuti e risultati che raccontano di un cammino finora disastroso. Antonio Conte ha analizzato le criticit\u00e0 del match in<\/p>\n","protected":false},"author":8,"featured_media":5646,"comment_status":"open","ping_status":"open","sticky":false,"template":"","format":"standard","meta":{"pmpro_default_level":"","footnotes":""},"categories":[52],"tags":[1122,1244,53,54,62],"class_list":["post-7451","post","type-post","status-publish","format-standard","has-post-thumbnail","category-conferenza-stampa","tag-antonioconte","tag-championsleague","tag-conferenzastampa","tag-dichiarazioniufficiali","tag-uefa","pmpro-has-access"],"_links":{"self":[{"href":"https:\/\/www.timescampania.it\/napoli\/wp-json\/wp\/v2\/posts\/7451","targetHints":{"allow":["GET"]}}],"collection":[{"href":"https:\/\/www.timescampania.it\/napoli\/wp-json\/wp\/v2\/posts"}],"about":[{"href":"https:\/\/www.timescampania.it\/napoli\/wp-json\/wp\/v2\/types\/post"}],"author":[{"embeddable":true,"href":"https:\/\/www.timescampania.it\/napoli\/wp-json\/wp\/v2\/users\/8"}],"replies":[{"embeddable":true,"href":"https:\/\/www.timescampania.it\/napoli\/wp-json\/wp\/v2\/comments?post=7451"}],"version-history":[{"count":0,"href":"https:\/\/www.timescampania.it\/napoli\/wp-json\/wp\/v2\/posts\/7451\/revisions"}],"wp:featuredmedia":[{"embeddable":true,"href":"https:\/\/www.timescampania.it\/napoli\/wp-json\/wp\/v2\/media\/5646"}],"wp:attachment":[{"href":"https:\/\/www.timescampania.it\/napoli\/wp-json\/wp\/v2\/media?parent=7451"}],"wp:term":[{"taxonomy":"category","embeddable":true,"href":"https:\/\/www.timescampania.it\/napoli\/wp-json\/wp\/v2\/categories?post=7451"},{"taxonomy":"post_tag","embeddable":true,"href":"https:\/\/www.timescampania.it\/napoli\/wp-json\/wp\/v2\/tags?post=7451"}],"curies":[{"name":"wp","href":"https:\/\/api.w.org\/{rel}","templated":true}]}}