{"id":7452,"date":"2025-12-18T23:14:47","date_gmt":"2025-12-18T22:14:47","guid":{"rendered":"https:\/\/www.corrieredellacampania.it\/calcionapoli.online\/?p=6201"},"modified":"2025-12-18T23:14:47","modified_gmt":"2025-12-18T22:14:47","slug":"superconte-siamo-arrivati-con-unenergia-importante","status":"publish","type":"post","link":"https:\/\/www.timescampania.it\/napoli\/2025\/12\/18\/superconte-siamo-arrivati-con-unenergia-importante\/","title":{"rendered":"SuperConte: &#8220;Siamo arrivati con un&#8217;energia importante&#8221;"},"content":{"rendered":"<p style=\"text-align: justify\">A <strong>Riad<\/strong> si \u00e8 conclusa la prima <strong>semifinale<\/strong> di <strong>Supercoppa<\/strong> tra <strong>Napoli<\/strong> e <strong>Milan<\/strong>: 2-0 per gli azzurri. Un super <strong>Antonio Conte<\/strong> risponde alle domande in <strong>conferenza stampa<\/strong>. Ecco le sue parole.<\/p>\n<p style=\"text-align: justify\"><strong>Finalmente rivincita col Milan? Differenze?<\/strong><\/p>\n<p>\u201cSicuramente quando incontri questo tipo di squadre, grandi squadre come il Milan che \u00e8 un top team, con grandi calciatori, vincere queste partite sicuramente ti d\u00e0 fiducia. Cos\u00ec come abbiamo vinto in passato dopo la sosta, con Atalanta, Roma, Juve. Questa \u00e8 una squadra con ragazzi seri, che comunque a prescindere danno sempre tutto, il problema \u00e8 che giocare ogni tre giorni con una rosa molto ridotta qualcosa devi pagare. Penso di avere un minimo di esperienza per dire che se si pensa che una grande emergenza si sorpassa facilmente, non si fanno corrette valutazioni. In Champions e con l&#8217;Udinese potevamo pareggiarla. Oggi siam venuti e abbiam giocato dopo 4 giorni, non ci capitava ultimamente giocando sempre ogni tre. Siamo arrivati con un\u2019energia importante, col serbatoio pi\u00f9 pieno. Non perch\u00e9 i calciatori non sono allenati, c&#8217;\u00e8 un dispendio energetico fisico e mentale importante. Non puoi non pensare di cambiare idea ogni settimana. Non \u00e8 cos\u00ec, i ragazzi, questa squadra, se abbiamo energia, a prescindere anche in emergenza, siamo difficili da giocarci contro. Questo \u00e8 fuori dubbio. Queste son partite che ci devono dare morale e consapevolezza. Ora dobbiamo recuperare, prepararci bene. Volevamo dimostrare che non eravamo invitati oggi ma siam qui perch\u00e9 ce lo siamo meritati vincendo lo scudetto e volevamo dare un segnale tangibile. Sicuramente non sarebbe stato bello perdere col Milan, abbiam gi\u00e0 perso in campionato e so benissimo che possono subentrare situazioni in cui la squadra che ti batte prende consapevolezza. Abbiam ribaltato la situazione, complimenti ai ragazzi\u201d.<\/p>\n<p><strong>Su Elmas:<\/strong><\/p>\n<p>\u201cHa giocato da dieci, per provare a mettere in difficolt\u00e0 la linea a cinque del Milan. Sia con lui che con Neres e Hoilund. Elif ha fatto bene, secondo me pu\u00f2 fare ancora meglio. Perch\u00e8 un giocatore importante che sta giocando dappertutto, complimenti a lui e ai ragazzi perch\u00e9 oggi abbiam fatto una partita bella tosta maschia, dove nei contrasti eravamo spesso e volentieri vincenti. Bene cos\u00ec, ripeto: c&#8217;era energia, c&#8217;era forza, determinazione e volont\u00e0 di fare una buona prestazione. Sappiamo di aver abituato bene e al primo risultato negativo cade il mondo. Ma il mondo non cade, \u00e8 un&#8217;annata complessa e non mi aspettavo cos\u00ec tanto per gli infortuni seri che abbiamo. Anche nelle necessit\u00e0, stiamo cercando e dimostrando di superare le cose negative\u201d.<\/p>\n<p style=\"text-align: justify\"><strong>Su Hoilund:<\/strong><\/p>\n<p>\u201cE&#8217; un ragazzo che a 22 anni ha margini di prospettiva importanti, \u00e8 un calciatore che pi\u00f9 gioca con noi, pi\u00f9 capisce determinate situazioni che gli chiedo. Oggi \u00e8 stato determinante. Ce lo teniamo stretto, speriamo di recuperare quanto prima Romelu Lukaku e poi c&#8217;\u00e8 Lucca che anche lui sta facendo dei miglioramenti\u201d.<\/p>\n<p style=\"text-align: justify\"><strong>Su Modric:<\/strong><\/p>\n<p>\u201cUn giocatore incredibile, ha avuto un impatto notevole sul Milan. Sta facendo benissimo, nella partita che abbiamo giocato in campionato \u00e8 stato il calciatore che ha corso di pi\u00f9 e fece la differenza. Ha personalit\u00e0 e carisma, onore a lui che a quell&#8217;et\u00e0 ha tutta questa energia. Dal punto di vista tattico, sicuramente abbiamo preparato la partita con Modric, ma con Jashari non cambiava niente. Eravamo preparati anche quando \u00e8 entrato Modric&#8221;.<\/p>\n","protected":false},"excerpt":{"rendered":"<p>A Riad si \u00e8 conclusa la prima semifinale di Supercoppa tra Napoli e Milan: 2-0 per gli azzurri. Un super Antonio Conte risponde alle domande in conferenza stampa. Ecco le sue parole. Finalmente rivincita col Milan? Differenze? \u201cSicuramente quando incontri questo tipo di squadre, grandi squadre come il Milan che \u00e8 un top team, con<\/p>\n","protected":false},"author":8,"featured_media":5786,"comment_status":"open","ping_status":"open","sticky":false,"template":"","format":"standard","meta":{"pmpro_default_level":"","footnotes":""},"categories":[52],"tags":[1122,1207,1308,1309,1310],"class_list":["post-7452","post","type-post","status-publish","format-standard","has-post-thumbnail","category-conferenza-stampa","tag-antonioconte","tag-napolimilan","tag-riad","tag-semifinali","tag-supercoppaitaliana","pmpro-has-access"],"_links":{"self":[{"href":"https:\/\/www.timescampania.it\/napoli\/wp-json\/wp\/v2\/posts\/7452","targetHints":{"allow":["GET"]}}],"collection":[{"href":"https:\/\/www.timescampania.it\/napoli\/wp-json\/wp\/v2\/posts"}],"about":[{"href":"https:\/\/www.timescampania.it\/napoli\/wp-json\/wp\/v2\/types\/post"}],"author":[{"embeddable":true,"href":"https:\/\/www.timescampania.it\/napoli\/wp-json\/wp\/v2\/users\/8"}],"replies":[{"embeddable":true,"href":"https:\/\/www.timescampania.it\/napoli\/wp-json\/wp\/v2\/comments?post=7452"}],"version-history":[{"count":0,"href":"https:\/\/www.timescampania.it\/napoli\/wp-json\/wp\/v2\/posts\/7452\/revisions"}],"wp:featuredmedia":[{"embeddable":true,"href":"https:\/\/www.timescampania.it\/napoli\/wp-json\/wp\/v2\/media\/5786"}],"wp:attachment":[{"href":"https:\/\/www.timescampania.it\/napoli\/wp-json\/wp\/v2\/media?parent=7452"}],"wp:term":[{"taxonomy":"category","embeddable":true,"href":"https:\/\/www.timescampania.it\/napoli\/wp-json\/wp\/v2\/categories?post=7452"},{"taxonomy":"post_tag","embeddable":true,"href":"https:\/\/www.timescampania.it\/napoli\/wp-json\/wp\/v2\/tags?post=7452"}],"curies":[{"name":"wp","href":"https:\/\/api.w.org\/{rel}","templated":true}]}}