{"id":7453,"date":"2026-01-07T21:51:37","date_gmt":"2026-01-07T20:51:37","guid":{"rendered":"https:\/\/www.corrieredellacampania.it\/calcionapoli.online\/?p=6284"},"modified":"2026-01-07T21:51:37","modified_gmt":"2026-01-07T20:51:37","slug":"conte-interpretazioni-soggettive","status":"publish","type":"post","link":"https:\/\/www.timescampania.it\/napoli\/2026\/01\/07\/conte-interpretazioni-soggettive\/","title":{"rendered":"Conte: &#8220;Interpretazioni soggettive&#8221;"},"content":{"rendered":"<p style=\"text-align: justify\"><strong>Due partite in una sola<\/strong>: la prima frazione \u00e8 stata assolutamente favorevole all&#8217;<strong>Hellas<\/strong>, mentre gli <strong>azzurri<\/strong> sono stati padroni del campo nel secondo tempo. Il <strong>2-2<\/strong> finale appare probabilmente il risultato pi\u00f9 <strong>giusto<\/strong>. <strong>Antonio Conte<\/strong> affronta delle tematiche interessanti in <strong>conferenza stampa<\/strong>. Di seguito sono riportate le sue <strong>dichiarazioni<\/strong>.<\/p>\n<p style=\"text-align: justify\">&#8220;Nel primo tempo sui due gol potevamo fare molto meglio, sul secondo rigore \u00e8 sempre molto soggettivo la valutazione al VAR e vanno sempre ad interpretazione di chi \u00e8 l\u00ec. Lo accettiamo, ma andare sotto di due gol potevamo alzare un toro e nel secondo tempo \u00e8 stata una prestazione di altissimo livello con quattro gol di cui due annullati. Che posso dire? I ragazzi vanno solo elogiati, stanno affrontando partite dando tutto e oggi la risposta nel secondo tempo, la reazione, dimostra quanto ci tengano e siano orgogliosi di dare sempre il massimo. Avremmo voluto regalare la vittoria, ma quando sei 0-2 contra una squadra che gioca in ripartenza puoi solo rischiare un altro gol in contropiede. Siamo stati bravi, complimenti ai ragazzi e al pubblico che, nel secondo tempo, ha sostenuto la squadra in questa rimonta. Adesso andiamo avanti e bisogna recuperare e prepararci per la prossima\u201d.<\/p>\n<p style=\"text-align: justify\"><strong>Sul fallo di mano di Hojlund:<\/strong><\/p>\n<p>\u201cL&#8217;ho detto pure sul rigore di Buongiorno, sono valutazioni soggettive fatte al VAR, interpretazioni date differenti ogni partita. Rasmus non poteva tagliarsi il braccio, gli hanno sparato la palla addosso. Accettiamo ci\u00f2 che \u00e8 stato visto dal VAR, l&#8217;arbitro il gol l&#8217;aveva convalidato ed il rigore non l&#8217;aveva dato\u201d.<\/p>\n<p style=\"text-align: justify\"><strong>Sugli \u201cerrori\u201d del VAR<\/strong>:<\/p>\n<p>\u201cNon ho voglia di fare polemiche, viene travisato ci\u00f2 che dico. Non c&#8217;\u00e8 una linea, va ad interpretazioni soggettive: una volta \u00e8 a favore ed un&#8217;altra no, importante \u00e8 accettarlo sapendo che ci sono esseri umani in buona fede\u201d.<\/p>\n<p style=\"text-align: justify\"><strong>Su Marianucci:<\/strong><\/p>\n<p>\u201cLuca \u00e8 un calciatore della rosa e sa giocare la palla, ha fisicit\u00e0 ed in una situazione in cui dovevamo attaccare l&#8217;avevo provato in allenamento. Credo abbia fatto bene, ha 21 anni e gioca nel Napoli che ha lo scudetto sulla maglia. All&#8217;impatto ha dimostrato personalit\u00e0, sono contento per lui ed oggi \u00e8 stato strano dover ribaltare il risultando facendo entrare dei difensori, forse \u00e8 la prima volta che mi \u00e8 accaduto, ma ho avuto risposte importanti dai ragazzi che hanno voglia di dare qualcosa in pi\u00f9 per questa maglia&#8221;.<\/p>\n","protected":false},"excerpt":{"rendered":"<p>Due partite in una sola: la prima frazione \u00e8 stata assolutamente favorevole all&#8217;Hellas, mentre gli azzurri sono stati padroni del campo nel secondo tempo. Il 2-2 finale appare probabilmente il risultato pi\u00f9 giusto. Antonio Conte affronta delle tematiche interessanti in conferenza stampa. Di seguito sono riportate le sue dichiarazioni. &#8220;Nel primo tempo sui due gol<\/p>\n","protected":false},"author":8,"featured_media":5786,"comment_status":"open","ping_status":"open","sticky":false,"template":"","format":"standard","meta":{"pmpro_default_level":"","footnotes":""},"categories":[52],"tags":[1122,1118,53,1161,1115],"class_list":["post-7453","post","type-post","status-publish","format-standard","has-post-thumbnail","category-conferenza-stampa","tag-antonioconte","tag-calcionapoli","tag-conferenzastampa","tag-napoliverona","tag-seriea","pmpro-has-access"],"_links":{"self":[{"href":"https:\/\/www.timescampania.it\/napoli\/wp-json\/wp\/v2\/posts\/7453","targetHints":{"allow":["GET"]}}],"collection":[{"href":"https:\/\/www.timescampania.it\/napoli\/wp-json\/wp\/v2\/posts"}],"about":[{"href":"https:\/\/www.timescampania.it\/napoli\/wp-json\/wp\/v2\/types\/post"}],"author":[{"embeddable":true,"href":"https:\/\/www.timescampania.it\/napoli\/wp-json\/wp\/v2\/users\/8"}],"replies":[{"embeddable":true,"href":"https:\/\/www.timescampania.it\/napoli\/wp-json\/wp\/v2\/comments?post=7453"}],"version-history":[{"count":0,"href":"https:\/\/www.timescampania.it\/napoli\/wp-json\/wp\/v2\/posts\/7453\/revisions"}],"wp:featuredmedia":[{"embeddable":true,"href":"https:\/\/www.timescampania.it\/napoli\/wp-json\/wp\/v2\/media\/5786"}],"wp:attachment":[{"href":"https:\/\/www.timescampania.it\/napoli\/wp-json\/wp\/v2\/media?parent=7453"}],"wp:term":[{"taxonomy":"category","embeddable":true,"href":"https:\/\/www.timescampania.it\/napoli\/wp-json\/wp\/v2\/categories?post=7453"},{"taxonomy":"post_tag","embeddable":true,"href":"https:\/\/www.timescampania.it\/napoli\/wp-json\/wp\/v2\/tags?post=7453"}],"curies":[{"name":"wp","href":"https:\/\/api.w.org\/{rel}","templated":true}]}}