{"id":7455,"date":"2026-01-14T21:31:05","date_gmt":"2026-01-14T20:31:05","guid":{"rendered":"https:\/\/www.corrieredellacampania.it\/calcionapoli.online\/?p=6318"},"modified":"2026-01-14T21:31:05","modified_gmt":"2026-01-14T20:31:05","slug":"stellini-ringrazio-i-ragazzi-stanno-dando-tutto","status":"publish","type":"post","link":"https:\/\/www.timescampania.it\/napoli\/2026\/01\/14\/stellini-ringrazio-i-ragazzi-stanno-dando-tutto\/","title":{"rendered":"Stellini: &#8220;Ringrazio i ragazzi, stanno dando tutto&#8221;"},"content":{"rendered":"<p style=\"text-align: justify\"><strong>Stellini<\/strong> commenta <strong>Napoli-Parma<\/strong> in <strong>conferenza stampa<\/strong>. Una partita che il Napoli non \u00e8 riuscito a sbloccare e che per il Parma si \u00e8 rivelata fondamentale, permettendo ai ducali di conquistare un <strong>punto d\u2019oro<\/strong> contro i campioni d\u2019Italia in carica. Di seguito, le <strong>dichiarazioni<\/strong> ufficiali di Stellini.<\/p>\n<p style=\"text-align: justify\">&#8220;Certe partite si possono sbloccare con un episodio, con Lazio e Cremonese nonch\u00e9 con l&#8217;Inter abbiamo fatto buone prestazioni, in casa contro squadre compatte abbiamo trovato difficolt\u00e0 nel trovare il gol e nel primo tempo siamo stati qualitativi e veloci, ne secondo abbiamo dato continuit\u00e0 ma non abbiamo trovato il gol\u201d.<\/p>\n<p style=\"text-align: justify\"><strong>Su Neres:<\/strong><\/p>\n<p>\u201cSta recuperando da un infortunio avuto contro la Lazio, abbiamo chiesto se si sentisse di giocare uno spezzone di gara: ci ha detto che era pronto, poi le trazioni delle caviglie gli hanno fatto sentire di nuovo dolore. Solo un fatto fisico\u201d.<\/p>\n<p style=\"text-align: justify\">\u201cSi pu\u00f2 migliorare contro squadre chiuse, con freschezza e lucidit\u00e0 maggiore nelle scelte e nell&#8217;uno contro uno ma dobbiamo fare i conti col fatto che stiamo giocando con la stessa squadra da tanto tempo. Noi sappiamo e diciamo e comunichiamo a tutti senza creare alibi, sar\u00e0 una stagione difficile. Sono mesi che stiamo usando gli stessi giocatori che stanno dando il massimo e gliene siamo grati. Anche oggi ci hanno creduto e provato in tutti i modi, un po&#8217; di lucidit\u00e0 e freschezza fisica sarebbe utile ma non possiamo chiederla a chi gioca sempre. Ci sta che McTominay non sia lucido sempre, gioca tutte le partite. Non sar\u00e0 una stagione facile, lavoriamo per crescere ma possono esserci difficolt\u00e0\u201d.<\/p>\n<p style=\"text-align: justify\"><strong>Su Lucca:<\/strong><\/p>\n<p>\u201cNon l&#8217;abbiamo pensato il doppio centravanti in anticipo perch\u00e9 nel nostro sistema di gioco la presenza di Neres \u00e8 molto importante ed i due centravanti ci sono stati negli ultimi 20 minuti quando abbiamo alzato McTominay ed abbassato Elmas, che era entrato ed aveva energie. Scott poteva essere un fattore nell&#8217;area di rigore. I giocatori devono avere gli spazi corretti e non era nelle nostre idee&#8221;.<\/p>\n","protected":false},"excerpt":{"rendered":"<p>Stellini commenta Napoli-Parma in conferenza stampa. Una partita che il Napoli non \u00e8 riuscito a sbloccare e che per il Parma si \u00e8 rivelata fondamentale, permettendo ai ducali di conquistare un punto d\u2019oro contro i campioni d\u2019Italia in carica. Di seguito, le dichiarazioni ufficiali di Stellini. &#8220;Certe partite si possono sbloccare con un episodio, con<\/p>\n","protected":false},"author":8,"featured_media":7510,"comment_status":"open","ping_status":"open","sticky":false,"template":"","format":"standard","meta":{"pmpro_default_level":"","footnotes":""},"categories":[52],"tags":[1118,53,1211,1115],"class_list":["post-7455","post","type-post","status-publish","format-standard","has-post-thumbnail","category-conferenza-stampa","tag-calcionapoli","tag-conferenzastampa","tag-cristianstellini","tag-seriea","pmpro-has-access"],"_links":{"self":[{"href":"https:\/\/www.timescampania.it\/napoli\/wp-json\/wp\/v2\/posts\/7455","targetHints":{"allow":["GET"]}}],"collection":[{"href":"https:\/\/www.timescampania.it\/napoli\/wp-json\/wp\/v2\/posts"}],"about":[{"href":"https:\/\/www.timescampania.it\/napoli\/wp-json\/wp\/v2\/types\/post"}],"author":[{"embeddable":true,"href":"https:\/\/www.timescampania.it\/napoli\/wp-json\/wp\/v2\/users\/8"}],"replies":[{"embeddable":true,"href":"https:\/\/www.timescampania.it\/napoli\/wp-json\/wp\/v2\/comments?post=7455"}],"version-history":[{"count":0,"href":"https:\/\/www.timescampania.it\/napoli\/wp-json\/wp\/v2\/posts\/7455\/revisions"}],"wp:featuredmedia":[{"embeddable":true,"href":"https:\/\/www.timescampania.it\/napoli\/wp-json\/wp\/v2\/media\/7510"}],"wp:attachment":[{"href":"https:\/\/www.timescampania.it\/napoli\/wp-json\/wp\/v2\/media?parent=7455"}],"wp:term":[{"taxonomy":"category","embeddable":true,"href":"https:\/\/www.timescampania.it\/napoli\/wp-json\/wp\/v2\/categories?post=7455"},{"taxonomy":"post_tag","embeddable":true,"href":"https:\/\/www.timescampania.it\/napoli\/wp-json\/wp\/v2\/tags?post=7455"}],"curies":[{"name":"wp","href":"https:\/\/api.w.org\/{rel}","templated":true}]}}