{"id":7456,"date":"2026-01-21T00:13:27","date_gmt":"2026-01-20T23:13:27","guid":{"rendered":"https:\/\/www.corrieredellacampania.it\/calcionapoli.online\/?p=6355"},"modified":"2026-01-21T00:13:27","modified_gmt":"2026-01-20T23:13:27","slug":"conte-cerano-tutti-i-presupposti-per-poter-vincere-la-partita","status":"publish","type":"post","link":"https:\/\/www.timescampania.it\/napoli\/2026\/01\/21\/conte-cerano-tutti-i-presupposti-per-poter-vincere-la-partita\/","title":{"rendered":"Conte: &#8220;C&#8217;erano tutti i presupposti per poter vincere la partita&#8221;"},"content":{"rendered":"<p style=\"text-align: justify\">Ennesimo risultato amaro in <strong>Champions<\/strong> per il <strong>Napoli<\/strong> di <strong>Antonio Conte<\/strong> che a <strong>Copenaghen<\/strong>, con un uomo in pi\u00f9, non riesce ad andare oltre il <strong>pareggio<\/strong>. L&#8217;allenatore azzurro interviene in <strong>conferenza stampa<\/strong> per rispondere alle domande dei giornalisti.<\/p>\n<p style=\"text-align: justify\"><strong>Cosa \u00e8 mancato?<\/strong><\/p>\n<p>\u201cPotremmo avere mille attenuanti sul discorso infortuni e stanchezza, oggi non possiamo utilizzarle perch\u00e9 abbiamo dominato dal primo minuto, poi un uomo in pi\u00f9 ed in vantaggio. C&#8217;erano tutte le situazioni favorevoli per vincere la partita, purtroppo bisogna chiedersi cosa \u00e8 mancato. Tra primo e secondo tempo l&#8217;obiettivo era rientrare e fare il secondo o il terzo gol. II secondo tempo non \u00e8 stato cos\u00ec, ci deve far male perch\u00e9 era una partita importante e vincendo saremmo entrati nei playoff. Invece l&#8217;abbiamo buttata via. Le attenuanti non reggono perch\u00e9 quando sei in dominio della partita significa che sei mancato\u201d.<\/p>\n<p style=\"text-align: justify\"><strong>Sui problemi riscontrati durante il match:<\/strong><\/p>\n<p>\u201cLa partita era in totale controllo, forse fin troppo: ci siamo adagiati, diventa difficile da spiegare un risultato del genere ma \u00e8 accaduto. Bisogna essere bravi a fare delle riflessioni, sapere che fino ad ora il cammino fatto \u00e8 deficitario\u201d.<\/p>\n<p style=\"text-align: justify\"><strong>La prima cosa che dir\u00e0 ai calciatori?<\/strong><\/p>\n<p>\u201cQueste sono partite in cui non c&#8217;\u00e8 da dire niente, se uno ha un\u2019anima e una coscienza sa cosa \u00e8 stato fatto di positivo e cosa \u00e8 mancato. Non c&#8217;\u00e8 bisogno di qualcuno che rimarchi certe situazioni, siamo grandi ed esperti per sapere cosa \u00e8 mancato oggi. Dispiace, sapevamo l&#8217;importanza della partita per non ridursi all&#8217;ultimo contro il Chelsea ed arrivarci dopo la partita contro la Juventus in campionato. Ci siamo complicati la vita, avevamo tutto in mano nostra e dobbiamo crescere. Una cosa \u00e8 quando le situazioni sono in mano nostra. Un&#8217;altra \u00e8 quando non lo sono. Questo ci deve far fare una riflessione, non c&#8217;\u00e8 bisogno che l&#8217;allenatore la faccia fare: \u00e8 talmente lampante, non parlo e non parler\u00f2 alla squadra. Non c&#8217;\u00e8 bisogno di dire niente oggi&#8221;.<\/p>\n<p style=\"text-align: justify\"><strong>Come sar\u00e0 preparata la partita contro la Juventus dopo stasera?<\/strong><\/p>\n<p style=\"text-align: justify\">\u201cNoi al di l\u00e0 di questo dobbiamo andare avanti, preparare una partita poi sapendo che dopo tre giorni ne giochiamo un&#8217;altra e poi ancora un&#8217;altra. Fantastico giocare nove partite in 27 giorni, non \u00e8 facile e non lo sar\u00e0. Non lo so cosa accadr\u00e0 nei prossimi giorni, anche a livello di mercato. Il club se vorr\u00e0 intervenire o meno non lo so, noi ci armiamo e partiamo con chi c&#8217;\u00e8. Faremo la conta sapendo che \u00e8 una annata molto complessa e dispiace che alcune mie parole si stiano ritrovando dopo sei mesi\u201d.<\/p>\n<p style=\"text-align: justify\"><strong>Su Lang:<\/strong><\/p>\n<p style=\"text-align: justify\">&#8220;Non so cosa abbia avuto, ha preso un colpo&#8221;.<\/p>\n","protected":false},"excerpt":{"rendered":"<p>Ennesimo risultato amaro in Champions per il Napoli di Antonio Conte che a Copenaghen, con un uomo in pi\u00f9, non riesce ad andare oltre il pareggio. L&#8217;allenatore azzurro interviene in conferenza stampa per rispondere alle domande dei giornalisti. Cosa \u00e8 mancato? \u201cPotremmo avere mille attenuanti sul discorso infortuni e stanchezza, oggi non possiamo utilizzarle perch\u00e9<\/p>\n","protected":false},"author":8,"featured_media":5985,"comment_status":"open","ping_status":"open","sticky":false,"template":"","format":"standard","meta":{"pmpro_default_level":"","footnotes":""},"categories":[52],"tags":[1122,1118,1244,53,62],"class_list":["post-7456","post","type-post","status-publish","format-standard","has-post-thumbnail","category-conferenza-stampa","tag-antonioconte","tag-calcionapoli","tag-championsleague","tag-conferenzastampa","tag-uefa","pmpro-has-access"],"_links":{"self":[{"href":"https:\/\/www.timescampania.it\/napoli\/wp-json\/wp\/v2\/posts\/7456","targetHints":{"allow":["GET"]}}],"collection":[{"href":"https:\/\/www.timescampania.it\/napoli\/wp-json\/wp\/v2\/posts"}],"about":[{"href":"https:\/\/www.timescampania.it\/napoli\/wp-json\/wp\/v2\/types\/post"}],"author":[{"embeddable":true,"href":"https:\/\/www.timescampania.it\/napoli\/wp-json\/wp\/v2\/users\/8"}],"replies":[{"embeddable":true,"href":"https:\/\/www.timescampania.it\/napoli\/wp-json\/wp\/v2\/comments?post=7456"}],"version-history":[{"count":0,"href":"https:\/\/www.timescampania.it\/napoli\/wp-json\/wp\/v2\/posts\/7456\/revisions"}],"wp:featuredmedia":[{"embeddable":true,"href":"https:\/\/www.timescampania.it\/napoli\/wp-json\/wp\/v2\/media\/5985"}],"wp:attachment":[{"href":"https:\/\/www.timescampania.it\/napoli\/wp-json\/wp\/v2\/media?parent=7456"}],"wp:term":[{"taxonomy":"category","embeddable":true,"href":"https:\/\/www.timescampania.it\/napoli\/wp-json\/wp\/v2\/categories?post=7456"},{"taxonomy":"post_tag","embeddable":true,"href":"https:\/\/www.timescampania.it\/napoli\/wp-json\/wp\/v2\/tags?post=7456"}],"curies":[{"name":"wp","href":"https:\/\/api.w.org\/{rel}","templated":true}]}}