{"id":7460,"date":"2026-03-14T21:05:42","date_gmt":"2026-03-14T20:05:42","guid":{"rendered":"https:\/\/www.corrieredellacampania.it\/calcionapoli.online\/?p=6490"},"modified":"2026-03-14T21:05:42","modified_gmt":"2026-03-14T20:05:42","slug":"conte-primo-tempo-difficile-il-secondo-unaltra-partita","status":"publish","type":"post","link":"https:\/\/www.timescampania.it\/napoli\/2026\/03\/14\/conte-primo-tempo-difficile-il-secondo-unaltra-partita\/","title":{"rendered":"Conte: &#8220;Primo tempo difficile, il secondo un&#8217;altra partita&#8221;"},"content":{"rendered":"<p style=\"text-align: justify\">La rimonta del <strong>Napoli<\/strong> ai danni del <strong>Lecce<\/strong> si \u00e8 conclusa con un gol di <strong>Politano<\/strong> al minuto 67, punteggio che mantiene salda la terza posizione per <strong>Antonio Conte<\/strong>. Il tecnico risponde alle domande della stampa, ecco le sue dichiarazioni.<\/p>\n<p style=\"text-align: justify\"><strong>Su Banda:<\/strong><\/p>\n<p style=\"text-align: justify\">&#8220;lo mi trovavo sulla sua stessa linea, era a 5 metri e cercavo di vedere la mia barriera. Ho visto che era a terra e ho pensato ad un infortunio: si \u00e8 accasciato con la mano su cuore, mi sono spaventato e mi sono scaraventato in campo chiamando i soccorsi. Gli ho chiesto hai male? e mi ha detto di s\u00ec. Queste cose vanno oltre il calcio. ma sembra che ci siano buone notizie poi sta anche aspettando un figlio e gli auguriamo il meglio. Mi sono spaventato sinceramente, per\u00f2 i soccorsi sono arrivati subito&#8221;.<\/p>\n<p style=\"text-align: justify\"><strong>Differenza fra primo tempo e secondo tempo?<\/strong><\/p>\n<p style=\"text-align: justify\">&#8220;Pronti via, sono partiti forte loro e non noi. Potevamo fare molto meglio sui calci d&#8217;angolo: non stiamo facendo bene difensivamente parlando ultimamente. Partire 0-1 dopo pochi minuti contro una squadra allenata da un bravissimo allenatore, non \u00e8 buono. Abbiamo faticato nel primo tempo. Nel secondo tempo abbiamo visto un&#8217;altra partita per intensit\u00e0, siamo andati a prenderci la vittoria, l&#8217;abbiamo fatto in maniera ragionata e i tre punti sono importanti. Il Lecce sta bene, noi dobbiamo continuare cos\u00ec e andare avanti&#8221;.<\/p>\n<p><strong>Su Anguissa, McTominay e De Bruyne:<\/strong><\/p>\n<p style=\"text-align: justify\">&#8220;Partiamo sottolineando un aspetto su cui nessuno ragiona: stiamo recuperando calciatori stati fuori per tanti mesi, come Anguissa e De Bruyne. Non potete pensare che chi ha avuto infortuni cos\u00ec lunghi rientri e possa accendere subito la lampadina, pu\u00f2 essere un problema e devi essere bravo a gestirli. Col Torino ho fatto giocare un tempo a Frank, oggi al 45&#8242; l&#8217;ho tolto e ho messo De Bruyne e McTominay. Parliamo di situazioni difficilissime da gestire, uno da fuori dice che stanno apposto e giocano. Inevitabile che facciano fatica, ritmi ed intensit\u00e0 sono diversi dopo tre mesi di stop. Io devo essere bravo ed i ragazzi devono avere fiducia, io devo prendere decisioni e cercare di fare il bene comune che si chiama Napoli. Sono ragazzi seri, ma \u00e8 inevitabile che recuperando giocatori hai la possibilit\u00e0 di gestire forze fresche per 20-30-45 minuti. Saranno un valore aggiunto se ragionano e sanno che devono lavorare ed entrare nella migliore condizione per avere i 95 minuti&#8221;.<\/p>\n<p style=\"text-align: justify\"><strong>Hojlund \u00e8 la punta ideale per lei?<\/strong><\/p>\n<p style=\"text-align: justify\">&#8220;Rasmus \u00e8 cresciuto tanto, ha margini di crescita notevoli e ha situazioni in cui pu\u00f2 migliorare ancora, come il colpo di testa. \u00c8 cresciuto tanto, attacca la profondit\u00e0, sa come posizionarsi per difendere la palla. Questa settimana per qualche giorno \u00e8 stato a casa per influenza, ha avuto un virus intestinale, ma parliamo di un giocatore importante perch\u00e9 fa reparto, lavora per tutta la partita, pressa, attacca la profondit\u00e0, rientra e difende palla. Pu\u00f2 ancora crescere, deve rimanere umile come \u00e8: dipende da lui dove vuole arrivare, ha margini importanti e pu\u00f2 diventare uno degli attaccanti pi\u00f9 forti&#8221;.<\/p>\n<p style=\"text-align: justify\"><strong>Idee sul futuro e sul progetto Napoli?<\/strong><\/p>\n<p style=\"text-align: justify\">&#8220;Quando ho firmato qui ho firmato per tre anni il progetto \u00e8 sui tre anni. Quando sono arrivato ho detto che quando sarei andato via avrei voluto fondamenta solide perch\u00e9 il Napoli avrebbe dovuto continuare a lottare per qualcosa di importante. Abbiamo vinto uno scudetto ed una Supercoppa, speriamo di rigiocare la Champions che passa inosservata ma per altri allenatori di top club sembra un obiettivo fondamentale a livello economico. Se la mettono loro, figuriamoci se non la mettiamo noi. Incontrer\u00f2 De Laurentiis come lo scorso anno serenamente e tranquillamente e valuteremo questi due anni. Se saremo contenti, i contratti si rispetteranno. Io non lego il Napoli al mio contratto. Se non c&#8217;\u00e8 sintonia o alcune situazioni non le vediamo ugualmente, saluter\u00f2 con grande affetto e stima. Qui mi trovo benissimo con i tifosi e la citt\u00e0. La voglia sarebbe di continuare, se ci sono i presupposti si andr\u00e0 avanti. So che porto aspettative e richieste per i media e per le altre squadre, la storia dice che o devo arrivare primo o secondo. Le altre si preparano per i fuochi d&#8217;artificio, noi risponderemo sul campo&#8221;.<\/p>\n","protected":false},"excerpt":{"rendered":"<p>La rimonta del Napoli ai danni del Lecce si \u00e8 conclusa con un gol di Politano al minuto 67, punteggio che mantiene salda la terza posizione per Antonio Conte. Il tecnico risponde alle domande della stampa, ecco le sue dichiarazioni. Su Banda: &#8220;lo mi trovavo sulla sua stessa linea, era a 5 metri e cercavo<\/p>\n","protected":false},"author":8,"featured_media":5018,"comment_status":"open","ping_status":"open","sticky":false,"template":"","format":"standard","meta":{"pmpro_default_level":"","footnotes":""},"categories":[52],"tags":[1122,1118,53,1115],"class_list":["post-7460","post","type-post","status-publish","format-standard","has-post-thumbnail","category-conferenza-stampa","tag-antonioconte","tag-calcionapoli","tag-conferenzastampa","tag-seriea","pmpro-has-access"],"_links":{"self":[{"href":"https:\/\/www.timescampania.it\/napoli\/wp-json\/wp\/v2\/posts\/7460","targetHints":{"allow":["GET"]}}],"collection":[{"href":"https:\/\/www.timescampania.it\/napoli\/wp-json\/wp\/v2\/posts"}],"about":[{"href":"https:\/\/www.timescampania.it\/napoli\/wp-json\/wp\/v2\/types\/post"}],"author":[{"embeddable":true,"href":"https:\/\/www.timescampania.it\/napoli\/wp-json\/wp\/v2\/users\/8"}],"replies":[{"embeddable":true,"href":"https:\/\/www.timescampania.it\/napoli\/wp-json\/wp\/v2\/comments?post=7460"}],"version-history":[{"count":0,"href":"https:\/\/www.timescampania.it\/napoli\/wp-json\/wp\/v2\/posts\/7460\/revisions"}],"wp:featuredmedia":[{"embeddable":true,"href":"https:\/\/www.timescampania.it\/napoli\/wp-json\/wp\/v2\/media\/5018"}],"wp:attachment":[{"href":"https:\/\/www.timescampania.it\/napoli\/wp-json\/wp\/v2\/media?parent=7460"}],"wp:term":[{"taxonomy":"category","embeddable":true,"href":"https:\/\/www.timescampania.it\/napoli\/wp-json\/wp\/v2\/categories?post=7460"},{"taxonomy":"post_tag","embeddable":true,"href":"https:\/\/www.timescampania.it\/napoli\/wp-json\/wp\/v2\/tags?post=7460"}],"curies":[{"name":"wp","href":"https:\/\/api.w.org\/{rel}","templated":true}]}}