{"id":7461,"date":"2026-04-06T23:59:46","date_gmt":"2026-04-06T21:59:46","guid":{"rendered":"https:\/\/www.corrieredellacampania.it\/calcionapoli.online\/?p=6524"},"modified":"2026-04-06T23:59:46","modified_gmt":"2026-04-06T21:59:46","slug":"napoli-trionfa-conte-stare-piu-in-alto-possibile","status":"publish","type":"post","link":"https:\/\/www.timescampania.it\/napoli\/2026\/04\/06\/napoli-trionfa-conte-stare-piu-in-alto-possibile\/","title":{"rendered":"Napoli trionfa, Conte: &#8220;Stare pi\u00f9 in alto possibile&#8221;"},"content":{"rendered":"<p style=\"text-align: justify\">Il <strong>Napoli<\/strong> batte il <strong>Milan<\/strong> in casa e si aggiudica il secondo posto in <strong>classifica<\/strong>. <strong>Antonio Conte<\/strong> vuole continuare a <strong>spingere<\/strong> e porta il <strong>sogno<\/strong> con s\u00e9. Ecco le sue dichiarazioni in <strong>conferenza stampa<\/strong>.<\/p>\n<p style=\"text-align: justify\">&#8220;Abbiamo conquistato tre punti fondamentali per la zona Champions, sta passando in secondo piano questo discorso. Milan e Juventus sono top club e hanno l&#8217;obiettivo di entrare in Champions, perch\u00e9 a Napoli sembra che debba essere tutto dovuto? Questa \u00e8 una stagione in cui abbiamo vinto un trofeo, e ora dobbiamo essere bravi a mettere in ghiaccio la qualificazione e stare il pi\u00f9 in alto possibile\u201d.<\/p>\n<p style=\"text-align: justify\">\u201cStiamo onorando lo scudetto e la storia di questa squadra, mancano sette partite e dobbiamo dare il massimo. Dobbiamo guardare a noi stessi, se mi chiedete dell&#8217;Inter \u00e8 meritatamente in testa, ha una media punti che fa capire che difficilmente pu\u00f2 perdere altri punti. Ma noi non dobbiamo sbagliare niente, fare un filotto di vittorie e sperare che gli altri sbaglino pi\u00f9 volte. Pensiamo a fare pi\u00f9 punti e mettere in ghiaccio la Champions per il prestigio e per i soldi che entrano, lottando come stiamo facendo\u201d.<\/p>\n<p style=\"text-align: justify\">\u201cOggi c&#8217;era una grande energia, il pubblico ha capito le difficolt\u00e0 e ce l&#8217;hanno dimostrato, ce l&#8217;hanno fatto leggere che sono orgogliosi di ci\u00f2 che stiamo facendo. Dobbiamo continuare cos\u00ec, mancano sette partite e dobbiamo giocarle al massimo\u201d.<\/p>\n<p><strong>Quanta verit\u00e0 sulle voci che girano sulla Nazionale Italiana?<\/strong><\/p>\n<p>\u201cSenza andare indietro, l&#8217;anno scorso negli ultimi tre mesi si parlava di me che sarei andato via dal Napoli, che sarei andato alla Juventus. O sbaglio? I media fanno il loro lavoro e devono scrivere, giusto che lo facciano, giusto che il mio nome faccia parte\u201d.<\/p>\n<p style=\"text-align: justify\">\u201cSe fossi il presidente della Federazione mi prenderei in considerazione. Insieme ad altri Conte allenatore lo metterei nella lista dei candidati per tanti motivi. Ci sono gi\u00e0 stato in Nazionale, conosco l&#8217;ambiente ed \u00e8 un motivo di lusinga. Fare il ct della propria nazionale \u00e8 bello, sapete benissimo per\u00f2 che non vado a sottolineare la mia situazione. Siamo concentrati sul Napoli, ho un altro anno di contratto e a fine anno incontrer\u00f2 il presidente. Mi dispiace una cosa: avessimo raggiunto la qualificazione ai Mondiali con i rigori, si sarebbe parlato di grande impresa, di un calcio in salute. Alla fine il risultato cambia i giudizi, ogni volta che non ci siamo qualificati si \u00e8 detto di dover cambiare tutto. Dopo tre Mondiali serve fare qualcosa di vero, e quando sono stato ct si \u00e8 parlato tanto e ho trovato poco aiuto da parte delle squadre\u201d.<\/p>\n<p><strong>C\u2019\u00e8 bisogno di una rivoluzione?<\/strong><\/p>\n<p>\u201cAnche nei disastri ci sono cose da salvare, ma serve chi capisce e vuole attivarsi, altrimenti scriviamo per una settimana e poi ci si dimentica dei problemi. Se le cose non vanno, non vanno anche se ti qualifichi. Se ci fossimo qualificati, avremmo avuto toni trionfalistici per tutti. Troviamo una via di mezzo, se vogliamo bene al calcio. Ci sono dei giocatori di livello, qualcosa va fatto perch\u00e9 vogliamo tutti bene alla Nazionale e siamo dispiaciuti perch\u00e9 staremo a guardare gli altri\u201d.<\/p>\n<p style=\"text-align: justify\"><strong>Su Giovane:<\/strong><\/p>\n<p>\u201cDopo l&#8217;arrivo di nove giocatori non era semplice inserirli, siamo stati costretti ed abbiamo fatto fatica e l&#8217;abbiamo pagata. A gennaio non potevamo fare mercato con il blocco a somma zero, abbiamo dato via Lucca, Lang e Marianucci prendendo Alisson e Giovane. Chi viene qui deve avere voglia, determinazione ed entusiasmo, non spocchia. Chi arriva deve lavorare con entusiasmo, se gioca e se non gioca. Non serve creare problemi, altrimenti chi arriva poi va via&#8221;.<\/p>\n","protected":false},"excerpt":{"rendered":"<p>Il Napoli batte il Milan in casa e si aggiudica il secondo posto in classifica. Antonio Conte vuole continuare a spingere e porta il sogno con s\u00e9. Ecco le sue dichiarazioni in conferenza stampa. &#8220;Abbiamo conquistato tre punti fondamentali per la zona Champions, sta passando in secondo piano questo discorso. Milan e Juventus sono top<\/p>\n","protected":false},"author":8,"featured_media":7467,"comment_status":"open","ping_status":"open","sticky":false,"template":"","format":"standard","meta":{"pmpro_default_level":"","footnotes":""},"categories":[52],"tags":[1122,1118,53,1207,1115],"class_list":["post-7461","post","type-post","status-publish","format-standard","has-post-thumbnail","category-conferenza-stampa","tag-antonioconte","tag-calcionapoli","tag-conferenzastampa","tag-napolimilan","tag-seriea","pmpro-has-access"],"_links":{"self":[{"href":"https:\/\/www.timescampania.it\/napoli\/wp-json\/wp\/v2\/posts\/7461","targetHints":{"allow":["GET"]}}],"collection":[{"href":"https:\/\/www.timescampania.it\/napoli\/wp-json\/wp\/v2\/posts"}],"about":[{"href":"https:\/\/www.timescampania.it\/napoli\/wp-json\/wp\/v2\/types\/post"}],"author":[{"embeddable":true,"href":"https:\/\/www.timescampania.it\/napoli\/wp-json\/wp\/v2\/users\/8"}],"replies":[{"embeddable":true,"href":"https:\/\/www.timescampania.it\/napoli\/wp-json\/wp\/v2\/comments?post=7461"}],"version-history":[{"count":0,"href":"https:\/\/www.timescampania.it\/napoli\/wp-json\/wp\/v2\/posts\/7461\/revisions"}],"wp:featuredmedia":[{"embeddable":true,"href":"https:\/\/www.timescampania.it\/napoli\/wp-json\/wp\/v2\/media\/7467"}],"wp:attachment":[{"href":"https:\/\/www.timescampania.it\/napoli\/wp-json\/wp\/v2\/media?parent=7461"}],"wp:term":[{"taxonomy":"category","embeddable":true,"href":"https:\/\/www.timescampania.it\/napoli\/wp-json\/wp\/v2\/categories?post=7461"},{"taxonomy":"post_tag","embeddable":true,"href":"https:\/\/www.timescampania.it\/napoli\/wp-json\/wp\/v2\/tags?post=7461"}],"curies":[{"name":"wp","href":"https:\/\/api.w.org\/{rel}","templated":true}]}}