{"id":8471,"date":"2026-08-31T08:47:36","date_gmt":"2026-08-31T06:47:36","guid":{"rendered":"https:\/\/www.timescampania.it\/napoli\/?p=8471"},"modified":"2026-08-31T11:31:49","modified_gmt":"2026-08-31T09:31:49","slug":"dieci-opinioni-dopo-napoli-como-2","status":"publish","type":"post","link":"https:\/\/www.timescampania.it\/napoli\/2026\/08\/31\/dieci-opinioni-dopo-napoli-como-2\/","title":{"rendered":"Dieci opinioni dopo Napoli &#8211; Como"},"content":{"rendered":"<p style=\"text-align: justify\">Luned\u00ec mattina, la prima sconfitta in campionato e quella consapevolezza di dover recuperare la forma fisica e quella mentale. Ecco le nostre dieci opinioni sul match di ieri pomeriggio.<\/p>\n<ol>\n<li style=\"text-align: justify\"><strong>LA PRIMA IN CASA<\/strong>. Seconda giornata di campionato e prima notte d&#8217;amore a Fuorigrotta: il Napoli torna a casa. Un debutto casalingo dal sapore speciale, il primo nell&#8217;anno del Centenario azzurro. Al di l\u00e0 di qualche sterile polemica della vigilia \u2014 come la questione striscioni \u2014 il popolo partenopeo riabbraccia i suoi beniamini da veri eroi, pronto a far sentire la propria voce per le battaglie che verranno.<\/li>\n<li style=\"text-align: justify\"><strong>LA ROSA<\/strong>. Rispetto alla passata stagione, condizionata dai troppi infortuni, questa volta Allegri potr\u00e0 contare non solo sui due nuovi acquisti e sui senatori, ma anche sulla voglia di rivalsa di chi l&#8217;anno scorso ha trovato poco spazio. Un esempio su tutti: Lang, a lungo nella lista dei partenti, ma schierato titolare al Maradona e autore di una buona prestazione. Menzione d&#8217;onore per Neres che torna in campo dopo sette mesi dall&#8217;infortunio.<\/li>\n<li style=\"text-align: justify\"><strong>IL MIRACOLO DI MANNA<\/strong>. \u00c8 stata un\u2019estate di pura passione per il DS, chiamato all&#8217;arduo compito di sfoltire una rosa satura di esuberi. Tra qualche rinuncia sul prezzo del cartellino e i fisiologici compromessi dettati dal mercato italiano, il Napoli \u00e8 riuscito nell&#8217;impresa: piazzare (o quasi) tutti i giocatori fuori dal progetto di Allegri. Un vero capolavoro strategico. Chapeau \u2014 in attesa (e con la speranza) del gran colpo finale in entrata.<\/li>\n<li style=\"text-align: justify\"><strong>ALLEGRI.<\/strong> Massimiliano Allegri e il Napoli, un incrocio lungo trent&#8217;anni: vissuto quasi sempre da avversari, ora si \u00e8 trasformato in un nostalgico ritorno. Chiamato a valorizzare l&#8217;organico e a porre rimedio agli errori del passato, l&#8217;allenatore toscano ha gi\u00e0 dato un segnale forte all&#8217;esordio contro il Genoa. L&#8217;atteggiamento visto in campo fa ben sperare la piazza azzurra, che punta a una stagione da protagonista e al ritorno alla vittoria di qualche trofeo.<\/li>\n<li style=\"text-align: justify\"><strong>LA FORMAZIONE. 4-3-3, Allegri conferma i 9\/11 della vittoria di Genova con i soli Lang e Olivera in luogo di Alisson Santos e Spinazzola. Nella ripresa, e sotto nel risultato, Allegri mette mano alla panchina e getta nella mischia De Bruyne, Alisson, Spinazzola, Neres e Lucca.<\/strong><\/li>\n<li style=\"text-align: justify\"><strong>LA PARTITA<\/strong>. Due filosofie di gioco diverse: se i lariani palleggiano e giocano con il possesso palla, gli azzurri sono micidiali nelle poche ripartenze veloci. Prima frazione da spot per il campionato italiano: Baturina apre le marcature, Hojlund risponde con un bel tiro da centravanti vecchia maniera ma al 35esimo, errore in fase di costruzione dal basso e Douvikas riporta avanti i suoi. Como, comunque, meglio del Napoli nei primi 45 minuti. Il secondo tempo comincia sulla falsa riga del primo con il Como meglio degli azzurri. Il Napoli, con i cambi, cerca di rimettere sui binari la partita ma la manovra \u00e8 lenta e il Como, nonostante la stanchezza finale, porta a casa i suoi primi 3 punti del campionato.<\/li>\n<li style=\"text-align: justify\"><strong>IL COMO<\/strong>. Dalla Serie D alla Champions League in soli sette anni: il Como non \u00e8 pi\u00f9 una semplice favola o la sorpresa del campionato, ma una solida realt\u00e0 del calcio italiano. A sostenere questo percorso c&#8217;\u00e8 una propriet\u00e0 ambiziosa e finanziariamente solida, affiancata da un allenatore che conosce a fondo il gioco ed \u00e8 un maestro nel valorizzare i giovani talenti. A coronare un&#8217;identit\u00e0 tattica basata su un possesso palla fluido di matrice spagnola, \u00e8 arrivata una campagna acquisti estiva sfarzosa, culminata con l&#8217;ingaggio di Kean come vera ciliegina sulla torta. Il Como ha tutta l&#8217;intenzione di fare le cose in grande, e le basi per riuscirci ci sono davvero tutte<\/li>\n<li style=\"text-align: justify\"><strong>IL RISULTATO<\/strong>. Per quello che si \u00e8 visto in campo, risultato giurissimo: Como affamato e Napoli ancora in fase di rodaggio.<\/li>\n<li style=\"text-align: justify\"><strong>IL GIOCATORE CHIAVE<\/strong>. Nel pomeriggio di Fuorigrotta non si salva quasi nessuno: gli azzurri mostrano un evidente passo indietro rispetto alla prestazione di Genova. Resta da rivedere la tenuta fisica e mentale di diversi singoli, a partire da H\u00f8jlund che, pur trovando la rete del momentaneo pareggio, appare ancora estraneo ai meccanismi del nuovo Napoli. L&#8217;unica nota lieta (seppur non da piena sufficienza) \u00e8 Alisson, che appena entrato ha provato a dare scossa e vivacit\u00e0 sulla sua fascia.<\/li>\n<li style=\"text-align: justify\"><strong>OPINIONE FINALE. Conoscete quel limbo infinito dove ragione e sentimento si scontrano in un equilibrio perenne, senza che nessuno dei due riesca a prevalere? Noi siamo esattamente l\u00ec. La testa ci impone di allontanarci, mentre il cuore \u2014 con quella sua forza pura e viscerale \u2014 continua a riportarci l&#8217;uno accanto all&#8217;altra. \u00c8 un&#8217;ossessione tormentata, che forse non passer\u00e0 mai&#8230; ma, in fondo, a noi va bene cos\u00ec.<\/strong><\/li>\n<\/ol>\n<p><!-- notionvc: f29a4447-b7f6-46b8-b516-23cd2048f173 --><\/p>\n","protected":false},"excerpt":{"rendered":"<p>Luned\u00ec mattina, la prima sconfitta in campionato e quella consapevolezza di dover recuperare la forma fisica e quella mentale. Ecco le nostre dieci opinioni sul match di ieri pomeriggio. LA PRIMA IN CASA. Seconda giornata di campionato e prima notte d&#8217;amore a Fuorigrotta: il Napoli torna a casa. Un debutto casalingo dal sapore speciale, il<\/p>\n","protected":false},"author":12,"featured_media":8472,"comment_status":"open","ping_status":"open","sticky":false,"template":"","format":"standard","meta":{"pmpro_default_level":"","footnotes":""},"categories":[49,1],"tags":[1431,1397,1359,75],"class_list":["post-8471","post","type-post","status-publish","format-standard","has-post-thumbnail","category-commento-napoli","category-uncategorized","tag-allegri","tag-dieci-opinioni","tag-serie-a","tag-ssc-napoli","pmpro-has-access"],"_links":{"self":[{"href":"https:\/\/www.timescampania.it\/napoli\/wp-json\/wp\/v2\/posts\/8471","targetHints":{"allow":["GET"]}}],"collection":[{"href":"https:\/\/www.timescampania.it\/napoli\/wp-json\/wp\/v2\/posts"}],"about":[{"href":"https:\/\/www.timescampania.it\/napoli\/wp-json\/wp\/v2\/types\/post"}],"author":[{"embeddable":true,"href":"https:\/\/www.timescampania.it\/napoli\/wp-json\/wp\/v2\/users\/12"}],"replies":[{"embeddable":true,"href":"https:\/\/www.timescampania.it\/napoli\/wp-json\/wp\/v2\/comments?post=8471"}],"version-history":[{"count":2,"href":"https:\/\/www.timescampania.it\/napoli\/wp-json\/wp\/v2\/posts\/8471\/revisions"}],"predecessor-version":[{"id":8474,"href":"https:\/\/www.timescampania.it\/napoli\/wp-json\/wp\/v2\/posts\/8471\/revisions\/8474"}],"wp:featuredmedia":[{"embeddable":true,"href":"https:\/\/www.timescampania.it\/napoli\/wp-json\/wp\/v2\/media\/8472"}],"wp:attachment":[{"href":"https:\/\/www.timescampania.it\/napoli\/wp-json\/wp\/v2\/media?parent=8471"}],"wp:term":[{"taxonomy":"category","embeddable":true,"href":"https:\/\/www.timescampania.it\/napoli\/wp-json\/wp\/v2\/categories?post=8471"},{"taxonomy":"post_tag","embeddable":true,"href":"https:\/\/www.timescampania.it\/napoli\/wp-json\/wp\/v2\/tags?post=8471"}],"curies":[{"name":"wp","href":"https:\/\/api.w.org\/{rel}","templated":true}]}}