{"id":8480,"date":"2026-09-04T17:28:05","date_gmt":"2026-09-04T15:28:05","guid":{"rendered":"https:\/\/www.timescampania.it\/napoli\/?p=8480"},"modified":"2026-09-04T17:28:51","modified_gmt":"2026-09-04T15:28:51","slug":"8480","status":"publish","type":"post","link":"https:\/\/www.timescampania.it\/napoli\/2026\/09\/04\/8480\/","title":{"rendered":"Allegri: &#8220;L&#8217;Inter \u00e8 la favorita per lo Scudetto&#8221;"},"content":{"rendered":"<p>Lo Stadio San Siro di Milano \u00e8 pronto ad ospitare Inter-Napoli, sfida tra le vincitrici degli ultimi due campionati di Serie A. Alle ore 14 di oggi c&#8217;\u00e8 stata la consueta conferenza stampa pre-partita, tenuta dall&#8217;allenatore azzurro Massimiliano Allegri, che ha sottolineato come i nerazzurri siano i veri favoriti per lo Scudetto.<\/p>\n<p>Ad aprire la conferenza \u00e8 stata una domanda su quanto la partita possa influenzare il campionato e se sia ancora una sfida Scudetto.<\/p>\n<p>&#8220;Siamo solo alla terza giornata, dispiaciuti per aver perso in casa col Como ma abbiamo ancora tante partite da giocare, siamo all&#8217;inizio della stagione. C&#8217;\u00e8 da migliorare sotto l&#8217;aspetto fisico, ma domani c&#8217;\u00e8 una bella partita da giocare e poi ci sar\u00e0 l&#8217;Arsenal.&#8221;<\/p>\n<p>Il mister \u00e8 stato poi interrogato sulle condizioni di Antonio Vergara, che non \u00e8 sceso in campo nella precedente sfida contro il Como.<\/p>\n<p>&#8220;Vergara sta bene, ma credo che dargli troppe responsabilit\u00e0&#8230; bisogna andarci un pochino piano. Domenica era rimasto in panchina perch\u00e9 ho fatto una scelta diversa, ma questo non vuol dire che domani non possa giocare.&#8221;<\/p>\n<p>Curiosit\u00e0 anche sulle condizioni di McTominay e su come la sua lieve aritmia cardiaca benigna possa influenzare le prossime gare: Allegri ha parlato di come gli infortuni possano capitare nell&#8217;arco di una stagione e del fatto che fosse necessario lo stop affinch\u00e9 Scott possa rientrare dopo la sosta nazionali.<\/p>\n<p>Infine domanda sul ritorno di Max a San Siro, anche se da avversario.<\/p>\n<p>&#8220;Giocare l\u00ec \u00e8 meraviglioso, un bello spot per il calcio italiano. Domani sera dovremo fare una bella prestazione dal punto di vista tecnico e agonistico.&#8221;<\/p>\n","protected":false},"excerpt":{"rendered":"<p>Lo Stadio San Siro di Milano \u00e8 pronto ad ospitare Inter-Napoli, sfida tra le vincitrici degli ultimi due campionati di Serie A. Alle ore 14 di oggi c&#8217;\u00e8 stata la consueta conferenza stampa pre-partita, tenuta dall&#8217;allenatore azzurro Massimiliano Allegri, che ha sottolineato come i nerazzurri siano i veri favoriti per lo Scudetto. Ad aprire la<\/p>\n","protected":false},"author":17,"featured_media":8481,"comment_status":"open","ping_status":"open","sticky":false,"template":"","format":"standard","meta":{"pmpro_default_level":"","footnotes":""},"categories":[49,1],"tags":[1431,1509,1120,66],"class_list":["post-8480","post","type-post","status-publish","format-standard","has-post-thumbnail","category-commento-napoli","category-uncategorized","tag-allegri","tag-conferenza","tag-internapoli","tag-napoli","pmpro-has-access"],"_links":{"self":[{"href":"https:\/\/www.timescampania.it\/napoli\/wp-json\/wp\/v2\/posts\/8480","targetHints":{"allow":["GET"]}}],"collection":[{"href":"https:\/\/www.timescampania.it\/napoli\/wp-json\/wp\/v2\/posts"}],"about":[{"href":"https:\/\/www.timescampania.it\/napoli\/wp-json\/wp\/v2\/types\/post"}],"author":[{"embeddable":true,"href":"https:\/\/www.timescampania.it\/napoli\/wp-json\/wp\/v2\/users\/17"}],"replies":[{"embeddable":true,"href":"https:\/\/www.timescampania.it\/napoli\/wp-json\/wp\/v2\/comments?post=8480"}],"version-history":[{"count":2,"href":"https:\/\/www.timescampania.it\/napoli\/wp-json\/wp\/v2\/posts\/8480\/revisions"}],"predecessor-version":[{"id":8483,"href":"https:\/\/www.timescampania.it\/napoli\/wp-json\/wp\/v2\/posts\/8480\/revisions\/8483"}],"wp:featuredmedia":[{"embeddable":true,"href":"https:\/\/www.timescampania.it\/napoli\/wp-json\/wp\/v2\/media\/8481"}],"wp:attachment":[{"href":"https:\/\/www.timescampania.it\/napoli\/wp-json\/wp\/v2\/media?parent=8480"}],"wp:term":[{"taxonomy":"category","embeddable":true,"href":"https:\/\/www.timescampania.it\/napoli\/wp-json\/wp\/v2\/categories?post=8480"},{"taxonomy":"post_tag","embeddable":true,"href":"https:\/\/www.timescampania.it\/napoli\/wp-json\/wp\/v2\/tags?post=8480"}],"curies":[{"name":"wp","href":"https:\/\/api.w.org\/{rel}","templated":true}]}}