{"id":8488,"date":"2026-09-05T21:02:39","date_gmt":"2026-09-05T19:02:39","guid":{"rendered":"https:\/\/www.timescampania.it\/napoli\/?p=8488"},"modified":"2026-09-05T21:02:39","modified_gmt":"2026-09-05T19:02:39","slug":"post-inter-3-2-napoli-allegripuniti-dai-nostri-errori-siamo-stati-allaltezza-di-una-squadra-piu-forte","status":"publish","type":"post","link":"https:\/\/www.timescampania.it\/napoli\/2026\/09\/05\/post-inter-3-2-napoli-allegripuniti-dai-nostri-errori-siamo-stati-allaltezza-di-una-squadra-piu-forte\/","title":{"rendered":"Post Inter 3-2 Napoli, Allegri:&#8221;Puniti dai nostri errori. Siamo stati all&#8217;altezza di una squadra pi\u00f9 forte&#8221;"},"content":{"rendered":"<p><strong>L&#8217;allenatore del Napoli Massimiliano Allegri risponde alle domande della stampa dopo la sconfitta azzurra in casa dell&#8217;Inter. Di seguito le dichiarazioni ufficiali.<\/strong><\/p>\n<p><strong>Sulla sostituzione di Hojlund <\/strong>&#8220;Hojlund aveva lavorato tanto ed era affaticato, Lucca ha fatto bene. Badiashile era alla prima partita che faceva, l&#8217;avevo messo per difendere di testa ma il calcio non ha logica&#8230; Non era semplice, o mettevo lui o mettevo lui. Non riuscivamo a ripartire, dopo il 2-1 la partita si \u00e8 ribaltata in un attimo, loro erano in forcing, appena vedono che sei in difficolt\u00e0 ti azzannano. Cos\u00ec ho deciso di mettere pi\u00f9 centimetri in area. Poi abbiamo avuto due occasioni di seguito, ma se tu sbagli e fanno gol loro, la vincono&#8221;.<\/p>\n<p><strong>Sui cambi e le risposte che hanno dato\u00a0 <\/strong>&#8220;Quelli che sono entrati hanno fatto bene. Dovevo decidere tra Badiashile e Beukema che non avevano mai giocato, ho fatto una scelta. In quel momento l\u00ec abbiamo perso un po&#8217; le distanze, potevamo fare meglio. Ma dopo sulla palla di Neres e sulla palla di Anguissa potevamo fare gol&#8230; Questo \u00e8 il bello e il brutto del calcio. Per\u00f2 a fine primo tempo abbiamo avuto una situazione identica al Como: una punizione dal limite e una parata di Meret. Identiche, uguali. Per\u00f2 i ragazzi devono stare sereni&#8221;.<\/p>\n<p>&#8220;No, parlare di mercato non ha assolutamente senso. Bisogna analizzare la prestazione della squadra. Sapevo che l&#8217;Inter \u00e8 nettamente pi\u00f9 forte delle altre, \u00e8 la favorita per la vittoria del campionato. Oggi \u00e8 stata una bella partita e noi siamo stati all&#8217;altezza della squadra pi\u00f9 forte&#8221;.<\/p>\n<p style=\"text-align: left\"><strong>Sulla rimonta inter <\/strong>&#8220;In quei momenti l\u00ec mi \u00e8 venuto in mente il famoso 3-2 dello scudetto alla Juventus, quando abbiamo fatto gol noi, che perdevamo 2-1. In quel momento ho pensato quando abbiamo sbagliato il gol ho pensato: &#8216;Ci puniscono sicuro&#8217;. Il calcio \u00e8 bello per questo. I ragazzi devon stare tranquilli, abbiamo fatto una bella prestazione&#8221;.<\/p>\n","protected":false},"excerpt":{"rendered":"<p>L&#8217;allenatore del Napoli Massimiliano Allegri risponde alle domande della stampa dopo la sconfitta azzurra in casa dell&#8217;Inter. Di seguito le dichiarazioni ufficiali. Sulla sostituzione di Hojlund &#8220;Hojlund aveva lavorato tanto ed era affaticato, Lucca ha fatto bene. Badiashile era alla prima partita che faceva, l&#8217;avevo messo per difendere di testa ma il calcio non ha<\/p>\n","protected":false},"author":4,"featured_media":8426,"comment_status":"open","ping_status":"open","sticky":false,"template":"","format":"standard","meta":{"pmpro_default_level":"","footnotes":""},"categories":[49,1],"tags":[1431,1514,1420,1515],"class_list":["post-8488","post","type-post","status-publish","format-standard","has-post-thumbnail","category-commento-napoli","category-uncategorized","tag-allegri","tag-campionato-serie-a","tag-hojlund","tag-intervsnapoli","pmpro-has-access"],"_links":{"self":[{"href":"https:\/\/www.timescampania.it\/napoli\/wp-json\/wp\/v2\/posts\/8488","targetHints":{"allow":["GET"]}}],"collection":[{"href":"https:\/\/www.timescampania.it\/napoli\/wp-json\/wp\/v2\/posts"}],"about":[{"href":"https:\/\/www.timescampania.it\/napoli\/wp-json\/wp\/v2\/types\/post"}],"author":[{"embeddable":true,"href":"https:\/\/www.timescampania.it\/napoli\/wp-json\/wp\/v2\/users\/4"}],"replies":[{"embeddable":true,"href":"https:\/\/www.timescampania.it\/napoli\/wp-json\/wp\/v2\/comments?post=8488"}],"version-history":[{"count":1,"href":"https:\/\/www.timescampania.it\/napoli\/wp-json\/wp\/v2\/posts\/8488\/revisions"}],"predecessor-version":[{"id":8489,"href":"https:\/\/www.timescampania.it\/napoli\/wp-json\/wp\/v2\/posts\/8488\/revisions\/8489"}],"wp:featuredmedia":[{"embeddable":true,"href":"https:\/\/www.timescampania.it\/napoli\/wp-json\/wp\/v2\/media\/8426"}],"wp:attachment":[{"href":"https:\/\/www.timescampania.it\/napoli\/wp-json\/wp\/v2\/media?parent=8488"}],"wp:term":[{"taxonomy":"category","embeddable":true,"href":"https:\/\/www.timescampania.it\/napoli\/wp-json\/wp\/v2\/categories?post=8488"},{"taxonomy":"post_tag","embeddable":true,"href":"https:\/\/www.timescampania.it\/napoli\/wp-json\/wp\/v2\/tags?post=8488"}],"curies":[{"name":"wp","href":"https:\/\/api.w.org\/{rel}","templated":true}]}}